{"id":9070,"date":"2025-03-08T07:29:50","date_gmt":"2025-03-08T07:29:50","guid":{"rendered":"https:\/?p=9070"},"modified":"2025-03-30T11:51:24","modified_gmt":"2025-03-30T11:51:24","slug":"dia-de-la-muer-entrevista-especial","status":"publish","type":"post","link":"https:\/\/cndesge.org\/?p=9070","title":{"rendered":"D\u00eda Internacional de la Mujer &#8211; Entrevista Especial"},"content":{"rendered":"\t\t<div data-elementor-type=\"wp-post\" data-elementor-id=\"9070\" class=\"elementor elementor-9070\">\n\t\t\t\t<div class=\"elementor-element elementor-element-1010fd2 e-flex e-con-boxed e-con e-parent\" data-id=\"1010fd2\" data-element_type=\"container\" data-e-type=\"container\">\n\t\t\t\t\t<div class=\"e-con-inner\">\n\t\t<div class=\"elementor-element elementor-element-d693885 e-con-full e-flex e-con e-child\" data-id=\"d693885\" data-element_type=\"container\" data-e-type=\"container\">\n\t\t\t\t<div class=\"elementor-element elementor-element-03fee5c elementor-widget elementor-widget-image\" data-id=\"03fee5c\" data-element_type=\"widget\" data-e-type=\"widget\" data-widget_type=\"image.default\">\n\t\t\t\t<div class=\"elementor-widget-container\">\n\t\t\t\t\t\t\t\t\t\t\t\t\t\t\t<img fetchpriority=\"high\" decoding=\"async\" width=\"525\" height=\"350\" src=\"https:\/\/cndesge.org\/wp-content\/uploads\/2025\/03\/7B9EFCBD-DE32-4FC8-9F1E-CFDEC7D18036_L0_001-7_3_2025-19_10_46-2-1024x682.jpg\" class=\"attachment-large size-large wp-image-10410\" alt=\"\" srcset=\"https:\/\/cndesge.org\/wp-content\/uploads\/2025\/03\/7B9EFCBD-DE32-4FC8-9F1E-CFDEC7D18036_L0_001-7_3_2025-19_10_46-2-1024x682.jpg 1024w, https:\/\/cndesge.org\/wp-content\/uploads\/2025\/03\/7B9EFCBD-DE32-4FC8-9F1E-CFDEC7D18036_L0_001-7_3_2025-19_10_46-2-300x200.jpg 300w, https:\/\/cndesge.org\/wp-content\/uploads\/2025\/03\/7B9EFCBD-DE32-4FC8-9F1E-CFDEC7D18036_L0_001-7_3_2025-19_10_46-2-768x512.jpg 768w, https:\/\/cndesge.org\/wp-content\/uploads\/2025\/03\/7B9EFCBD-DE32-4FC8-9F1E-CFDEC7D18036_L0_001-7_3_2025-19_10_46-2-1536x1023.jpg 1536w, https:\/\/cndesge.org\/wp-content\/uploads\/2025\/03\/7B9EFCBD-DE32-4FC8-9F1E-CFDEC7D18036_L0_001-7_3_2025-19_10_46-2-390x260.jpg 390w, https:\/\/cndesge.org\/wp-content\/uploads\/2025\/03\/7B9EFCBD-DE32-4FC8-9F1E-CFDEC7D18036_L0_001-7_3_2025-19_10_46-2-600x400.jpg 600w, https:\/\/cndesge.org\/wp-content\/uploads\/2025\/03\/7B9EFCBD-DE32-4FC8-9F1E-CFDEC7D18036_L0_001-7_3_2025-19_10_46-2.jpg 1600w\" sizes=\"(max-width: 525px) 100vw, 525px\" \/>\t\t\t\t\t\t\t\t\t\t\t\t\t\t\t<\/div>\n\t\t\t\t<\/div>\n\t\t\t\t<div class=\"elementor-element elementor-element-181a41e elementor-widget elementor-widget-text-editor\" data-id=\"181a41e\" data-element_type=\"widget\" data-e-type=\"widget\" data-widget_type=\"text-editor.default\">\n\t\t\t\t<div class=\"elementor-widget-container\">\n\t\t\t\t\t\t\t\t\t<h6><strong>Excma. Sra Mar\u00eda del Mar Bonkanka Tabares.<\/strong> Miembro del Consejo Nacional para el Desarrollo Econ\u00f3mico y Social<\/h6>\t\t\t\t\t\t\t\t<\/div>\n\t\t\t\t<\/div>\n\t\t\t\t<\/div>\n\t\t<div class=\"elementor-element elementor-element-d139c02 e-con-full e-flex e-con e-child\" data-id=\"d139c02\" data-element_type=\"container\" data-e-type=\"container\">\n\t\t\t\t<div class=\"elementor-element elementor-element-9efb2cc elementor-widget elementor-widget-text-editor\" data-id=\"9efb2cc\" data-element_type=\"widget\" data-e-type=\"widget\" data-widget_type=\"text-editor.default\">\n\t\t\t\t<div class=\"elementor-widget-container\">\n\t\t\t\t\t\t\t\t\t<h6>En el mes de la mujer queremos inspirarte y desde el Consejo Nacional para el Desarrollo Econ\u00f3mico y Social, hemos reunido algunas miembros de CNDES, mujeres fant\u00e1sticas, como t\u00fa, que enaltecen el SER MUJER.<\/h6>\n<p><!-- \/wp:paragraph --><!-- wp:paragraph --><\/p>\n<p><em>Que viven, luchan y defienden con orgullo el g\u00e9nero, que son ellas mismas y que no se detienen hasta alcanzar sus sue\u00f1os.<\/em><\/p>\n<p><!-- \/wp:paragraph --><!-- wp:paragraph --><\/p>\n<p>La Excma. Sra Mar\u00eda del Mar Bonkanka Tabares , La Excma. Sra Bindang Ndong Okiri y la Iltma. Sra. Cecilia Javiera Nguema Nchama. A la entrevista tambi\u00e9n se ha unido para dar su apoyo a la lucha por la igualdad de g\u00e9nero el Excmo. Se\u00f1or Augusto Nguema Mba Nchama.<\/p>\t\t\t\t\t\t\t\t<\/div>\n\t\t\t\t<\/div>\n\t\t\t\t<\/div>\n\t\t\t\t\t<\/div>\n\t\t\t\t<\/div>\n\t\t<div class=\"elementor-element elementor-element-17b3034 e-flex e-con-boxed e-con e-parent\" data-id=\"17b3034\" data-element_type=\"container\" data-e-type=\"container\">\n\t\t\t\t\t<div class=\"e-con-inner\">\n\t\t<div class=\"elementor-element elementor-element-9706c23 e-con-full e-flex e-con e-child\" data-id=\"9706c23\" data-element_type=\"container\" data-e-type=\"container\">\n\t\t\t\t<div class=\"elementor-element elementor-element-475ffa5 elementor-widget elementor-widget-text-editor\" data-id=\"475ffa5\" data-element_type=\"widget\" data-e-type=\"widget\" data-widget_type=\"text-editor.default\">\n\t\t\t\t<div class=\"elementor-widget-container\">\n\t\t\t\t\t\t\t\t\t<p><strong>Desde su experiencia y tras haber recibido el a\u00f1o pasado un premio internacional al empoderamiento, en la categor\u00eda \u201crompiendo barreras\u201d\u00a0 <\/strong><\/p>\n<ol>\n<li><strong>\u00bfQu\u00e9 factores considera que influyen para el empoderamiento de las mujeres?<\/strong><\/li>\n<\/ol>\n<ul>\n<li>Desde mi experiencia el primer factor es la educaci\u00f3n recibida tanto en casa como en los centros educativos, dado que familia y escuela son, a mi parecer, marcos referenciales imprescindibles<strong>.<\/strong><\/li>\n<li>\u00a0<\/li>\n<li>En segundo lugar, destacar\u00eda la concepci\u00f3n que cada uno tiene de s\u00ed mismo, la confianza y la seguridad en uno mismo.<\/li>\n<li>\u00a0<\/li>\n<li>El primer l\u00edmite est\u00e1 en nuestras mentes, si partimos de pensar que somos desiguales ya estamos poni\u00e9ndole obst\u00e1culos a nuestros objetivos. Hay que sentirse igual para propiciar que el trato sea igual.\u00a0 Por ejemplo, a nivel profesional, debemos mostrar<em> nuestra profesionalidad y <\/em><em>no dar opci\u00f3n a que las etiquetas nos precedan, dado que la actitud ante ciertos obst\u00e1culos\u00a0\u00a0 puede generar un efecto domin\u00f3 beneficioso para el empoderamiento<strong>. <\/strong>Por eso es importante la educaci\u00f3n, tanto a nivel formal como emocional. <\/em><\/li>\n<\/ul>\n<p><strong>\u00a0<\/strong><\/p>\n<ul>\n<li>Por otro lado. destacar\u00eda la necesidad de sororidad, la hermandad entre mujeres, as\u00ed como la participaci\u00f3n de los hombres, los cuales juegan un rol clave en la promoci\u00f3n del empoderamiento femenino.<\/li>\n<\/ul>\n<p>\u00a0<\/p>\n<ul>\n<li>Por \u00faltimo y no menos importante, a nivel de pol\u00edticas p\u00fablicas, es fundamental que se apueste por la igualdad y en general por el aumento de la presencia de la mujer y de la participaci\u00f3n de \u00e9sta, tanto en la llegada al poder pol\u00edtico y econ\u00f3mico como en la toma de decisiones.<\/li>\n<\/ul>\n<p>\u00a0<\/p>\t\t\t\t\t\t\t\t<\/div>\n\t\t\t\t<\/div>\n\t\t\t\t<\/div>\n\t\t<div class=\"elementor-element elementor-element-953e9c2 e-con-full e-flex e-con e-child\" data-id=\"953e9c2\" data-element_type=\"container\" data-e-type=\"container\">\n\t\t\t\t<div class=\"elementor-element elementor-element-a45afb4 elementor-widget elementor-widget-text-editor\" data-id=\"a45afb4\" data-element_type=\"widget\" data-e-type=\"widget\" data-widget_type=\"text-editor.default\">\n\t\t\t\t<div class=\"elementor-widget-container\">\n\t\t\t\t\t\t\t\t\t<p><strong>2. \u00bfCu\u00e1l es el mayor reto de ser mujer en la actualidad?<\/strong><\/p>\n<p>En primer lugar, te responder\u00eda que depende de en qu\u00e9 parte del mundo vivas, pero seg\u00fan la Organizaci\u00f3n de Naciones Unidas para las Mujeres (ONU MUJERES), entidad que promueve el empoderamiento femenino y la igualdad de g\u00e9nero, el mayor reto de ser mujer hoy en d\u00eda reside en enfrentar y superar las m\u00faltiples manifestaciones de desigualdad de g\u00e9nero.<\/p>\n<p>\u00a0Esto implica que hay generalidades que enfrentan las mujeres a nivel global, que afectan en diversos \u00e1mbitos de la vida, como puede ser violencia (f\u00edsica, psicol\u00f3gica o sexual), brecha salarial, menor acceso a puestos de liderazgo, superaci\u00f3n de estereotipos, barreras estructurales que limitan el acceso a oportunidades en educaci\u00f3n, representaci\u00f3n, conciliaci\u00f3n entre vida personal y profesional, etc.\u00a0<\/p>\n<p><strong>3. \u00bfQu\u00e9 consejo le dar\u00edas a las mujeres j\u00f3venes de hoy?<\/strong><\/p>\n<p>A nivel general, para todos los j\u00f3venes, hombres y mujeres:\u00a0 la mejor herencia es la educaci\u00f3n, ese es mi lema. La educaci\u00f3n es la mayor igualadora de vidas y est\u00e1 estrechamente relacionada con el empoderamiento.<\/p>\n<p>En segundo lugar, constancia. Hay que ser constantes, en el estudio, en la lectura, en cultivar las amistades, en cualquier cosa que hagamos. Las cosas que valen la pena requieren constancia.<\/p>\t\t\t\t\t\t\t\t<\/div>\n\t\t\t\t<\/div>\n\t\t\t\t<\/div>\n\t\t\t\t\t<\/div>\n\t\t\t\t<\/div>\n\t\t<div class=\"elementor-element elementor-element-4edb6d5 e-flex e-con-boxed e-con e-parent\" data-id=\"4edb6d5\" data-element_type=\"container\" data-e-type=\"container\">\n\t\t\t\t\t<div class=\"e-con-inner\">\n\t\t\t\t<div class=\"elementor-element elementor-element-27a7521 elementor-widget elementor-widget-text-editor\" data-id=\"27a7521\" data-element_type=\"widget\" data-e-type=\"widget\" data-widget_type=\"text-editor.default\">\n\t\t\t\t<div class=\"elementor-widget-container\">\n\t\t\t\t\t\t\t\t\t<p>A las mujeres j\u00f3venes en particular, quiero transmitirles que deben tener confianza en s\u00ed mismas, que traten de luchar por sus objetivos mostrando profesionalidad y no dejando opci\u00f3n a las etiquetas y por otra parte, deben <strong>ayudarse unas a otras; que cuando una mujer ocupe una posici\u00f3n privilegiada, ofrezca apoyo a las dem\u00e1s sin poner obst\u00e1culos ni zancadillas.<\/strong><\/p>\n<p>\u00a0<\/p>\n<p><strong>SOBRE IGUALDAD DE OPORTUNIDADES<\/strong><\/p>\n<ol>\n<li><strong><em>\u00bf<\/em><\/strong><strong>Existe, en su opini\u00f3n, la igualdad de oportunidades para la mujer?<\/strong><\/li>\n<\/ol>\n<p>En principio s\u00ed; lo que sucede es que como mujer siempre realizas un esfuerzo extra, ya sea realizando las tareas dom\u00e9sticas, o tareas de otra \u00edndole.<\/p>\n<p>En mi caso, he tenido la suerte de nacer en una familia en la cual jam\u00e1s not\u00e9 la diferencia porque todos, chicos y chicas, ten\u00edamos las mismas oportunidades y los mismos derechos y obligaciones.\u00a0 Por eso es tan importante el \u00e1mbito de desarrollo de cada uno, la educaci\u00f3n recibida; as\u00ed como que hombres y mujeres, juntos, promuevan la sensibilizaci\u00f3n y la implementaci\u00f3n y cumplimiento de normativas que favorezcan la igualdad de oportunidades.<\/p>\n<p><strong>\u00a0<\/strong><\/p>\t\t\t\t\t\t\t\t<\/div>\n\t\t\t\t<\/div>\n\t\t\t\t\t<\/div>\n\t\t\t\t<\/div>\n\t\t<div class=\"elementor-element elementor-element-6519dfb e-flex e-con-boxed e-con e-parent\" data-id=\"6519dfb\" data-element_type=\"container\" data-e-type=\"container\">\n\t\t\t\t\t<div class=\"e-con-inner\">\n\t\t<div class=\"elementor-element elementor-element-1260ec4 e-con-full e-flex e-con e-child\" data-id=\"1260ec4\" data-element_type=\"container\" data-e-type=\"container\">\n\t\t\t\t<div class=\"elementor-element elementor-element-ae5368b elementor-widget elementor-widget-image\" data-id=\"ae5368b\" data-element_type=\"widget\" data-e-type=\"widget\" data-widget_type=\"image.default\">\n\t\t\t\t<div class=\"elementor-widget-container\">\n\t\t\t\t\t\t\t\t\t\t\t\t\t\t\t<img decoding=\"async\" width=\"525\" height=\"350\" src=\"https:\/\/cndesge.org\/wp-content\/uploads\/2025\/03\/VR8B4041-2-1024x683.jpg\" class=\"attachment-large size-large wp-image-10490\" alt=\"\" srcset=\"https:\/\/cndesge.org\/wp-content\/uploads\/2025\/03\/VR8B4041-2-1024x683.jpg 1024w, https:\/\/cndesge.org\/wp-content\/uploads\/2025\/03\/VR8B4041-2-300x200.jpg 300w, https:\/\/cndesge.org\/wp-content\/uploads\/2025\/03\/VR8B4041-2-768x512.jpg 768w, https:\/\/cndesge.org\/wp-content\/uploads\/2025\/03\/VR8B4041-2-1536x1024.jpg 1536w, https:\/\/cndesge.org\/wp-content\/uploads\/2025\/03\/VR8B4041-2-2048x1365.jpg 2048w, https:\/\/cndesge.org\/wp-content\/uploads\/2025\/03\/VR8B4041-2-390x260.jpg 390w, https:\/\/cndesge.org\/wp-content\/uploads\/2025\/03\/VR8B4041-2-600x400.jpg 600w\" sizes=\"(max-width: 525px) 100vw, 525px\" \/>\t\t\t\t\t\t\t\t\t\t\t\t\t\t\t<\/div>\n\t\t\t\t<\/div>\n\t\t\t\t<div class=\"elementor-element elementor-element-d99bf73 elementor-widget elementor-widget-text-editor\" data-id=\"d99bf73\" data-element_type=\"widget\" data-e-type=\"widget\" data-widget_type=\"text-editor.default\">\n\t\t\t\t<div class=\"elementor-widget-container\">\n\t\t\t\t\t\t\t\t\t<p>\u00a0<\/p>\n<div class=\"wp-block-columns\">\n<div class=\"wp-block-column\">\n<p><strong>Excma. Sra Bindang Ndong Okiri<\/strong> &#8211; Miembro del Consejo Nacional para el Desarrollo Econ\u00f3mico y Social<\/p>\n<p><!-- \/wp:paragraph --><!-- wp:paragraph --><\/p>\n<p><strong>\u00bfQu\u00e9 significa para ti el D\u00eda Internacional de la Mujer?<\/strong><\/p>\n<p><!-- \/wp:paragraph --><!-- wp:paragraph --><\/p>\n<p>El d\u00eda 8 de marzo significa para m\u00ed concienciaci\u00f3n y sensibilizaci\u00f3n sobre los derechos de las personas. Todas la personas debemos tener las mismas oportunidades en la vida e igual las obligaciones.<\/p>\n<p><!-- \/wp:paragraph --><\/p>\n<\/div>\n<p><!-- \/wp:column --><\/p>\n<\/div>\n<p><!-- \/wp:columns --><!-- wp:paragraph --><\/p>\n<p>Con este d\u00eda se aprecia todo lo que la mujer est\u00e1 consiguiendo en cuanto a derechos civiles. Se concibe que el hombre nace con derechos y las mujeres deben luchar por cada uno de ellos. Pues en un d\u00eda 8 de marzo, 129 mujeres perdieron la vida en un incendio por reclamar sus derechos, se recuerda este d\u00eda para evitar que una mujer vuelva a perder la vida por un derecho innato.<\/p>\n<p><!-- \/wp:paragraph --><!-- wp:paragraph --><\/p>\n<p><strong>\u00bfCu\u00e1l es el mayor obst\u00e1culo que has superado?<\/strong><\/p>\n<p><!-- \/wp:paragraph --><!-- wp:paragraph --><\/p>\n<p>Sobrevivir en una sociedad llena de valores culturales un poco vetustos en lo que a la mujer se refiere. No nos importa tener coches o m\u00f3viles de \u00faltimo modelo ni poner un traje occidental, pero en cuanto se trata de un derecho de la mujer como persona, ya se recurre a lo bant\u00fa y se rechazan las ideas importadas. Al parecer la importaci\u00f3n de ideas es lo malo, no as\u00ed la importaci\u00f3n de productos, olvid\u00e1ndonos completamente de que los productos salen de las ideas.<\/p>\n<p><!-- \/wp:paragraph --><!-- wp:paragraph --><\/p>\n<p>Nunca me he sentido cuestionada directamente, no sabr\u00eda explicar si es porque no ha habido intenci\u00f3n o simplemente porque no he querido darme cuenta. Siempre he preferido ver lo que quiero ver y de esta manera muchos ataques no me han herido u ofendido. S\u00ed que he podido constatar que en una reuni\u00f3n con muchos hombres se asume que las notas las ha de tomar la mujer y enviar el resumen a los compa\u00f1eros.<\/p>\n<p><!-- \/wp:paragraph --><!-- wp:paragraph --><\/p>\n<p><strong>\u00bfC\u00f3mo se puede lograr la igualdad de oportunidades para hombres y mujeres?<\/strong><\/p>\n<p><!-- \/wp:paragraph --><!-- wp:paragraph --><\/p>\n<p>La igualdad de oportunidades se logra con la educaci\u00f3n en igualdad. Ense\u00f1ar desde peque\u00f1os que no tiene que haber discriminaci\u00f3n entre las personas solo por su g\u00e9nero. Que todos nos merecemos las mismas oportunidades. Lo que se nos ense\u00f1a de peque\u00f1os lo adoptamos como un h\u00e1bito y vivimos de acuerdo a ello. Un ni\u00f1o que crece viendo discriminaci\u00f3n o distinci\u00f3n entre un sexo y otro, lo asume como algo normal y de mayor aplicar\u00e1 los que vio creciendo, por lo que ser\u00e1 dif\u00edcil que vea a una mujer como un igual, porque de peque\u00f1o aprendi\u00f3 que las mujeres son seres inferiores o vulnerables.<\/p>\t\t\t\t\t\t\t\t<\/div>\n\t\t\t\t<\/div>\n\t\t\t\t<div class=\"elementor-element elementor-element-99b18b4 elementor-widget elementor-widget-image\" data-id=\"99b18b4\" data-element_type=\"widget\" data-e-type=\"widget\" data-widget_type=\"image.default\">\n\t\t\t\t<div class=\"elementor-widget-container\">\n\t\t\t\t\t\t\t\t\t\t\t\t\t\t\t<img decoding=\"async\" width=\"640\" height=\"480\" src=\"https:\/\/cndesge.org\/wp-content\/uploads\/2025\/03\/WhatsApp-Image-2025-03-30-at-13.41.29-640x480.jpeg\" class=\"attachment-bdpp-medium size-bdpp-medium wp-image-10492\" alt=\"\" \/>\t\t\t\t\t\t\t\t\t\t\t\t\t\t\t<\/div>\n\t\t\t\t<\/div>\n\t\t\t\t<div class=\"elementor-element elementor-element-70efca3 elementor-widget elementor-widget-text-editor\" data-id=\"70efca3\" data-element_type=\"widget\" data-e-type=\"widget\" data-widget_type=\"text-editor.default\">\n\t\t\t\t<div class=\"elementor-widget-container\">\n\t\t\t\t\t\t\t\t\t<h6><strong>Excmo. Se\u00f1or Augusto Nguema Mba Nchama<\/strong> &#8211; Miembro del Consejo Nacional para el Desarrollo Econ\u00f3mico y Social.<\/h6>\t\t\t\t\t\t\t\t<\/div>\n\t\t\t\t<\/div>\n\t\t\t\t<div class=\"elementor-element elementor-element-cafada2 elementor-widget elementor-widget-text-editor\" data-id=\"cafada2\" data-element_type=\"widget\" data-e-type=\"widget\" data-widget_type=\"text-editor.default\">\n\t\t\t\t<div class=\"elementor-widget-container\">\n\t\t\t\t\t\t\t\t\t<p><strong>\u00bfCree que la figura del hombre influye en la lucha por la igualdad de g\u00e9nero?<\/strong><\/p>\n<p>Los hombres indirectamente influyen en aceptar la inclusi\u00f3n de la mujer, como tradicionales tomadores de decisiones, pero la mujer ya tiene su lugar desde el momento que asume y juega su rol de pilar y fundamento de una familia, sociedad o pa\u00eds.<\/p>\n<p><strong>Para usted, \u00bfqu\u00e9 simboliza o significa el 8 de Marzo?<\/strong><\/p>\n<p>El d\u00eda 8 de marzo es una fecha de reconocimiento de la labor de la mujer en la actualidad.<\/p>\n<p><strong>\u00bfExiste, en su opini\u00f3n, la igualdad de oportunidades para la mujer?<\/strong><\/p>\n<p>En Guinea Ecuatorial concretamente, todo empieza en la accesibilidad en el sistema educativo, desde el momento en el que no hay discriminaci\u00f3n alguna en cuanto a quienes pueden acceder a los servicios educativos.<\/p>\n<p>En este sentido, ambos g\u00e9neros pueden competir por las mismas oportunidades en las mismas condiciones educativas, otra cosa diferente ser\u00eda si se exigiera algunas aptitudes concretas, en t\u00e9rminos generales, la igualdad de oportunidades existe.<\/p>\t\t\t\t\t\t\t\t<\/div>\n\t\t\t\t<\/div>\n\t\t\t\t<\/div>\n\t\t<div class=\"elementor-element elementor-element-1c194de e-con-full e-flex e-con e-child\" data-id=\"1c194de\" data-element_type=\"container\" data-e-type=\"container\">\n\t\t\t\t<div class=\"elementor-element elementor-element-795012f elementor-widget elementor-widget-image\" data-id=\"795012f\" data-element_type=\"widget\" data-e-type=\"widget\" data-widget_type=\"image.default\">\n\t\t\t\t<div class=\"elementor-widget-container\">\n\t\t\t\t\t\t\t\t\t\t\t\t\t\t\t<img loading=\"lazy\" decoding=\"async\" width=\"525\" height=\"350\" src=\"https:\/\/cndesge.org\/wp-content\/uploads\/2025\/03\/WhatsApp-Image-2025-03-30-at-13.37.56-1024x682.jpeg\" class=\"attachment-large size-large wp-image-10491\" alt=\"\" srcset=\"https:\/\/cndesge.org\/wp-content\/uploads\/2025\/03\/WhatsApp-Image-2025-03-30-at-13.37.56-1024x682.jpeg 1024w, https:\/\/cndesge.org\/wp-content\/uploads\/2025\/03\/WhatsApp-Image-2025-03-30-at-13.37.56-300x200.jpeg 300w, https:\/\/cndesge.org\/wp-content\/uploads\/2025\/03\/WhatsApp-Image-2025-03-30-at-13.37.56-768x512.jpeg 768w, https:\/\/cndesge.org\/wp-content\/uploads\/2025\/03\/WhatsApp-Image-2025-03-30-at-13.37.56-1536x1024.jpeg 1536w, https:\/\/cndesge.org\/wp-content\/uploads\/2025\/03\/WhatsApp-Image-2025-03-30-at-13.37.56-2048x1365.jpeg 2048w, https:\/\/cndesge.org\/wp-content\/uploads\/2025\/03\/WhatsApp-Image-2025-03-30-at-13.37.56-390x260.jpeg 390w, https:\/\/cndesge.org\/wp-content\/uploads\/2025\/03\/WhatsApp-Image-2025-03-30-at-13.37.56-600x400.jpeg 600w\" sizes=\"(max-width: 525px) 100vw, 525px\" \/>\t\t\t\t\t\t\t\t\t\t\t\t\t\t\t<\/div>\n\t\t\t\t<\/div>\n\t\t\t\t<div class=\"elementor-element elementor-element-f177c0f elementor-widget elementor-widget-text-editor\" data-id=\"f177c0f\" data-element_type=\"widget\" data-e-type=\"widget\" data-widget_type=\"text-editor.default\">\n\t\t\t\t<div class=\"elementor-widget-container\">\n\t\t\t\t\t\t\t\t\t<div class=\"wp-block-columns\">\n<div class=\"wp-block-column\">\n<h6 style=\"text-align: justify;\">Iltma. Se\u00f1ora Cecilia Javiera Nguema Nchama &#8211; Directora del Gabinete del Presidente del Consejo Nacional para el Desarrollo Econ\u00f3mico y Social<\/h6>\n<p style=\"text-align: justify;\">\u00a0<\/p>\n<p style=\"text-align: justify;\"><strong style=\"text-align: var(--text-align);\">\u00bfQu\u00e9\u00a0factores\u00a0considera\u00a0que\u00a0influyen\u00a0para\u00a0el\u00a0empoderamiento\u00a0de\u00a0las\u00a0mujeres?<\/strong><\/p>\n<p style=\"text-align: justify;\"><span style=\"text-align: var(--text-align);\">El empoderamiento de las mujeres es un proceso complejo que se ve influenciado por diversos factores para lograr autonom\u00eda y participaci\u00f3n en la sociedad. Por ejemplo, por un lado el apoyo social,tanto de la familia como de la comunidad, es un factor clave que nos brinda el respaldo\u00a0\u00a0\u00a0\u00a0 necesario para enf rentar desaf\u00edos y perseguir nuestras metas y\/u objetivos. Y por otro lado:<\/span><\/p>\n<p style=\"text-align: justify;\"><!-- \/wp:paragraph --><!-- \/wp:column --><!-- \/wp:columns --><!-- wp:paragraph -->1.\u00a0\u00a0\u00a0 La educaci\u00f3n es fundamental en el empoderamiento femenino, ya que facilita el acceso a empleo, el conocimiento de derechos y el desarrollo de habilidades para el crecimiento personal y profesional.<\/p>\n<p style=\"text-align: justify;\"><!-- \/wp:paragraph --><!-- wp:paragraph -->2.\u00a0\u00a0\u00a0 La independencia econ\u00f3mica juega un papel crucial en el empoderamiento de la mujer,\u00a0permiti\u00e9ndole tomar decisiones sin depender de otros, acceder a mejores oportunidades y contribuir al desarrollo econ\u00f3mico.<\/p>\n<p style=\"text-align: justify;\"><!-- \/wp:paragraph --><!-- wp:paragraph -->3.\u00a0\u00a0\u00a0 Las normas, valores, redes de apoyo y la eliminaci\u00f3n de estereotipos en la sociedad y la cultura son factores que influyen en la percepci\u00f3n y roles de la mujer, contribuyendo a\u00a0su desarrollo.<\/p>\n<p style=\"text-align: justify;\"><!-- \/wp:paragraph --><!-- wp:paragraph -->4.\u00a0\u00a0\u00a0 La\u00a0participaci\u00f3n\u00a0de\u00a0la\u00a0mujer\u00a0en\u00a0la\u00a0pol\u00edtica,\u00a0toma\u00a0de\u00a0decisiones\u00a0y la existencia de leyes protectoras son elementos esenciales para asegurar la equidad de g\u00e9nero y la seguridad de las mujeres.<\/p>\n<p style=\"text-align: justify;\"><!-- \/wp:paragraph --><!-- wp:paragraph --><strong>\u00bfCu\u00e1l es el mayor reto de ser mujer en la actualidad?<\/strong><\/p>\n<p style=\"text-align: justify;\"><!-- \/wp:paragraph --><!-- wp:paragraph -->Pese a los avances en materia de igualdad de g\u00e9nero, las mujeres todav\u00eda enfrentamos numerosos\u00a0desaf\u00edos\u00a0en\u00a0la\u00a0sociedad\u00a0actual.\u00a0La desigualdad de g\u00e9nero sigue siendo\u00a0uno\u00a0de\u00a0los\u00a0mayores\u00a0retos,\u00a0manifest\u00e1ndose\u00a0en\u00a0brechas\u00a0salariales\u00a0que\u00a0persisten\u00a0en muchos sectores laborales, en la violencia de g\u00e9nero que afecta a un gran n\u00famero de mujeres en todo el mundo, en la falta de oportunidades de liderazgo que limitan su participaci\u00f3n en puestos de toma de decisiones importantes, y en la presi\u00f3n de cumplir con roles tradicionales impuestos por la sociedad que restringen su libertad y autonom\u00eda.<\/p>\n<p style=\"text-align: justify;\"><!-- \/wp:paragraph --><!-- wp:paragraph -->Superar estos obst\u00e1culos\u00a0\u00a0 requiere un esfuerzo conjunto de la sociedad en su conjunto, as\u00ed como pol\u00edticas y programas\u00a0\u00a0 espec\u00edficos que promuevan la igualdad de g\u00e9nero en todos los \u00e1mbitos.<\/p>\n<p style=\"text-align: justify;\"><!-- \/wp:paragraph --><!-- wp:paragraph --><strong>\u00bfQu\u00e9 consejo le dar\u00edas a las mujeres j\u00f3venes de hoy?<\/strong><\/p>\n<p style=\"text-align: justify;\"><!-- \/wp:paragraph --><!-- wp:paragraph -->A\u00a0las\u00a0mujeres\u00a0j\u00f3venes\u00a0de\u00a0hoy\u00a0les\u00a0recomendar\u00eda\u00a0que\u00a0crean\u00a0en\u00a0si\u00a0mismas,\u00a0que\u00a0conf\u00eden\u00a0en\u00a0sus capacidades,\u00a0que\u00a0busquen\u00a0siempre\u00a0aprender\u00a0y crecer y sobre todo, que se esfuercen por alcanzar\u00a0sus\u00a0objetivos,\u00a0sin\u00a0importar\u00a0los\u00a0obst\u00e1culos\u00a0que\u00a0puedan\u00a0encontrar\u00a0en\u00a0el\u00a0camino.\u00a0<\/p>\n<p style=\"text-align: justify;\"><!-- \/wp:paragraph --><!-- wp:paragraph -->Es fundamental\u00a0que\u00a0busquen\u00a0oportunidades\u00a0de\u00a0aprendizaje\u00a0y\u00a0crecimiento\u00a0constante,\u00a0ya que el conocimiento es una herramienta poderosa que nos permitir\u00e1 desenvolvernos en un mundo en constante cambio.<\/p>\n<p style=\"text-align: justify;\"><!-- \/wp:paragraph --><!-- wp:paragraph -->Adem\u00e1s, es importante que no se dejen influenciar por los estereotipos de g\u00e9nero que a\u00fan persisten en la sociedad, y que busquen rodearse de personas que las apoyen y las impulsen a alcanzar su m\u00e1ximo potencial.<\/p>\n<p style=\"text-align: justify;\"><!-- \/wp:paragraph --><!-- wp:paragraph -->Alzar la voz por sus derechos y defender sus intereses\u00a0es\u00a0esencial\u00a0para\u00a0construir\u00a0un\u00a0futuro\u00a0m\u00e1s\u00a0equitativo\u00a0y justo para todas.<\/p>\n<p style=\"text-align: justify;\"><!-- \/wp:paragraph --><!-- wp:paragraph --><strong>\u00bfExiste, en su opini\u00f3n, la igualdad de oportunidades para la mujer?<\/strong><\/p>\n<p style=\"text-align: justify;\"><!-- \/wp:paragraph --><!-- wp:paragraph -->A pesar de los avances significativos que se han logrado en materia de igualdad de g\u00e9nero en muchos pa\u00edses, todav\u00eda queda mucho por hacer para alcanzar una verdadera equidad.<\/p>\n<p style=\"text-align: justify;\"><!-- \/wp:paragraph --><!-- wp:paragraph -->Las diferencias\u00a0en\u00a0el\u00a0acceso\u00a0a\u00a0la\u00a0educaci\u00f3n,\u00a0al\u00a0empleo,\u00a0a\u00a0salarios\u00a0justos,\u00a0al liderazgo\u00a0y a los derechos persisten en muchas partes del mundo, limitando las oportunidades de las mujeres para desarrollarse plenamente.<\/p>\n<p style=\"text-align: justify;\"><!-- \/wp:paragraph --><!-- wp:paragraph -->Es fundamental seguir impulsando cambios tanto a nivel estructural como cultural para eliminar las barreras que impiden que las mujeres accedan a las mismas oportunidades que los hombres.<\/p>\n<p style=\"text-align: justify;\"><!-- \/wp:paragraph --><!-- wp:paragraph -->S\u00f3lo a trav\u00e9s de un esfuerzo colectivo y sostenido se podr\u00e1 lograr una sociedad m\u00e1s justa e igualitaria para todas las personas, independientemente de su g\u00e9nero.<\/p>\n<\/div>\n<\/div>\t\t\t\t\t\t\t\t<\/div>\n\t\t\t\t<\/div>\n\t\t\t\t<\/div>\n\t\t\t\t\t<\/div>\n\t\t\t\t<\/div>\n\t\t<div class=\"elementor-element elementor-element-305740de e-flex e-con-boxed e-con e-parent\" data-id=\"305740de\" data-element_type=\"container\" data-e-type=\"container\">\n\t\t\t\t\t<div class=\"e-con-inner\">\n\t\t<div class=\"elementor-element elementor-element-aebad1d e-con-full e-flex e-con e-child\" data-id=\"aebad1d\" data-element_type=\"container\" data-e-type=\"container\">\n\t\t\t\t<div class=\"elementor-element elementor-element-c9f3d5f elementor-widget elementor-widget-text-editor\" data-id=\"c9f3d5f\" data-element_type=\"widget\" data-e-type=\"widget\" data-widget_type=\"text-editor.default\">\n\t\t\t\t<div class=\"elementor-widget-container\">\n\t\t\t\t\t\t\t\t\t<p><strong><em>En nombre del Consejo Nacional para el Desarrollo Econ\u00f3mico y Social les deseamos un Feliz D\u00eda Internacional de la Mujer Trabajadora.<\/em><\/strong><\/p>\t\t\t\t\t\t\t\t<\/div>\n\t\t\t\t<\/div>\n\t\t\t\t<div class=\"elementor-element elementor-element-c4b9f3b elementor-widget-divider--view-line elementor-widget elementor-widget-divider\" data-id=\"c4b9f3b\" data-element_type=\"widget\" data-e-type=\"widget\" data-widget_type=\"divider.default\">\n\t\t\t\t<div class=\"elementor-widget-container\">\n\t\t\t\t\t\t\t<div class=\"elementor-divider\">\n\t\t\t<span class=\"elementor-divider-separator\">\n\t\t\t\t\t\t<\/span>\n\t\t<\/div>\n\t\t\t\t\t\t<\/div>\n\t\t\t\t<\/div>\n\t\t\t\t<\/div>\n\t\t\t\t\t<\/div>\n\t\t\t\t<\/div>\n\t\t\t\t<\/div>\n\t\t","protected":false},"excerpt":{"rendered":"<p>Excma. Sra Mar\u00eda del Mar Bonkanka Tabares. Miembro del Consejo Nacional para el Desarrollo Econ\u00f3mico y Social En el mes de la mujer queremos inspirarte y desde el Consejo Nacional para el Desarrollo Econ\u00f3mico y Social, hemos reunido algunas miembros de CNDES, mujeres fant\u00e1sticas, como t\u00fa, que enaltecen el SER MUJER. Que viven, luchan yLeer m\u00e1s &#8230;<\/p>\n","protected":false},"author":1,"featured_media":10477,"comment_status":"closed","ping_status":"closed","sticky":false,"template":"","format":"standard","meta":{"footnotes":""},"categories":[89,90,83],"tags":[],"class_list":["post-9070","post","type-post","status-publish","format-standard","has-post-thumbnail","hentry","category-nightlife","category-culture","category-city-news"],"_links":{"self":[{"href":"https:\/\/cndesge.org\/index.php?rest_route=\/wp\/v2\/posts\/9070","targetHints":{"allow":["GET"]}}],"collection":[{"href":"https:\/\/cndesge.org\/index.php?rest_route=\/wp\/v2\/posts"}],"about":[{"href":"https:\/\/cndesge.org\/index.php?rest_route=\/wp\/v2\/types\/post"}],"author":[{"embeddable":true,"href":"https:\/\/cndesge.org\/index.php?rest_route=\/wp\/v2\/users\/1"}],"replies":[{"embeddable":true,"href":"https:\/\/cndesge.org\/index.php?rest_route=%2Fwp%2Fv2%2Fcomments&post=9070"}],"version-history":[{"count":24,"href":"https:\/\/cndesge.org\/index.php?rest_route=\/wp\/v2\/posts\/9070\/revisions"}],"predecessor-version":[{"id":10504,"href":"https:\/\/cndesge.org\/index.php?rest_route=\/wp\/v2\/posts\/9070\/revisions\/10504"}],"wp:featuredmedia":[{"embeddable":true,"href":"https:\/\/cndesge.org\/index.php?rest_route=\/wp\/v2\/media\/10477"}],"wp:attachment":[{"href":"https:\/\/cndesge.org\/index.php?rest_route=%2Fwp%2Fv2%2Fmedia&parent=9070"}],"wp:term":[{"taxonomy":"category","embeddable":true,"href":"https:\/\/cndesge.org\/index.php?rest_route=%2Fwp%2Fv2%2Fcategories&post=9070"},{"taxonomy":"post_tag","embeddable":true,"href":"https:\/\/cndesge.org\/index.php?rest_route=%2Fwp%2Fv2%2Ftags&post=9070"}],"curies":[{"name":"wp","href":"https:\/\/api.w.org\/{rel}","templated":true}]}}