{"id":9011,"date":"2025-02-18T19:25:47","date_gmt":"2025-02-18T19:25:47","guid":{"rendered":"https:\/?p=9011"},"modified":"2025-03-30T17:02:13","modified_gmt":"2025-03-30T17:02:13","slug":"el-consejo-nacional-para-el-desarrollo-economico-y-social-se-reune-con-la-fao","status":"publish","type":"post","link":"https:\/\/cndesge.org\/?p=9011","title":{"rendered":"El Consejo Nacional para el Desarrollo Econ\u00f3mico y Social de Guinea Ecuatorial se re\u00fane con la FAO"},"content":{"rendered":"<p>El Consejo Nacional para el Desarrollo Econ\u00f3mico y Social y la Organizaci\u00f3n de las Naciones Unidas para la Alimentaci\u00f3n y la Agricultura (FAO), exploran las posibilidades de una cooperaci\u00f3n t\u00e9cnica, la reuni\u00f3n se ha llevado a cabo este martes en la sede de las Naciones Unidas en Malabo II.\u00a0<\/p>\r\n<p><!-- \/wp:post-content --><\/p>\r\n<!-- wp:column -->\r\n\r\n<!-- wp:image {\"id\":9013,\"sizeSlug\":\"large\",\"linkDestination\":\"media\"} -->\r\n<p><!-- \/wp:image -->\r\n\r\n<!-- wp:paragraph --><\/p>\r\n<p>EL Consejo Nacional para el Desarrollo Econ\u00f3mico y Social de Guinea Ecuatorial se ha reunido con el Representante Permanente de la Organizaci\u00f3n de las Naciones Unidas para la Alimentaci\u00f3n y la Agricultura en Guinea Ecuatorial, Hernani Coelho da Silva, para conocer los programas y proyectos que tienen con el gobierno a trav\u00e9s del Ministerio de Agricultura,Ganader\u00eda,Pesca y Desarrollo Rural.<\/p>\r\n<p><!-- \/wp:paragraph -->\r\n\r\n<!-- wp:paragraph --><\/p>\r\n<p>El Gobierno de Guinea Ecuatorial ha marcado un nuevo desaf\u00edo, dejar la agricultura de subsistencia y modernizar la agricultura, es en este sentido que las dos partes han evaluado las posibilidades de una cooperaci\u00f3n t\u00e9cnica entre el CNDES y la Organizaci\u00f3n de las Naciones Unidas para la Alimentaci\u00f3n y la Agricultura en el sector agropecuario, bosques y medioambiente con el objetivo de lograr la seguridad alimenticia de G.E e impulsar as\u00ed la diversificaci\u00f3n econ\u00f3mica del pa\u00eds.<\/p>\r\n<p><!-- \/wp:paragraph -->\r\n\r\n<!-- wp:paragraph --><\/p>\r\n<p>El miembro y portavoz del CNDES Estanislao Don Malavo ha asistido en este encuentro de trabajo en representaci\u00f3n del presidente de la instituci\u00f3n Marcelino Owono Edu, acompa\u00f1ado de la Excma. Miembro la Se\u00f1ora Maria Del Mar Bonkanka y la Directora de Gabinete de este alto \u00f3rgano.<\/p><!-- \/wp:paragraph --><!-- \/wp:column -->\r\n\r\n<!-- wp:columns --><\/p>\r\n<!-- wp:column -->\r\n\r\n<!-- wp:image {\"id\":9013,\"sizeSlug\":\"large\",\"linkDestination\":\"media\"} -->\r\n<p><!-- \/wp:columns -->\r\n\r\n<!-- wp:paragraph --><\/p>\r\n<p>EL Consejo Nacional para el Desarrollo Econ\u00f3mico y Social de Guinea Ecuatorial se ha reunido con el Representante Permanente de la Organizaci\u00f3n de las Naciones Unidas para la Alimentaci\u00f3n y la Agricultura en Guinea Ecuatorial, Hernani Coelho da Silva, para conocer los programas y proyectos que tienen con el gobierno a trav\u00e9s del Ministerio de Agricultura,Ganader\u00eda,Pesca y Desarrollo Rural.<\/p>\r\n<p><!-- \/wp:paragraph -->\r\n\r\n<!-- wp:paragraph --><\/p>\r\n<p>El Gobierno de Guinea Ecuatorial ha marcado un nuevo desaf\u00edo, dejar la agricultura de subsistencia y modernizar la agricultura, es en este sentido que las dos partes han evaluado las posibilidades de una cooperaci\u00f3n t\u00e9cnica entre el CNDES y la Organizaci\u00f3n de las Naciones Unidas para la Alimentaci\u00f3n y la Agricultura en el sector agropecuario, bosques y medioambiente con el objetivo de lograr la seguridad alimenticia de G.E e impulsar as\u00ed la diversificaci\u00f3n econ\u00f3mica del pa\u00eds.<\/p>\r\n<p><!-- \/wp:paragraph -->\r\n\r\n<!-- wp:paragraph --><\/p>\r\n<p>El miembro y portavoz del CNDES Estanislao Don Malavo ha asistido en este encuentro de trabajo en representaci\u00f3n del presidente de la instituci\u00f3n Marcelino Owono Edu, acompa\u00f1ado de la Excma. Miembro la Se\u00f1ora Maria Del Mar Bonkanka y la Directora de Gabinete de este alto \u00f3rgano.<\/p><!-- \/wp:post-content -->","protected":false},"excerpt":{"rendered":"<p>El Consejo Nacional para el Desarrollo Econ\u00f3mico y Social y la Organizaci\u00f3n de las Naciones Unidas para la Alimentaci\u00f3n y la Agricultura (FAO), exploran las posibilidades de una cooperaci\u00f3n t\u00e9cnica, la reuni\u00f3n se ha llevado a cabo este martes en la sede de las Naciones Unidas en Malabo II.\u00a0 EL Consejo Nacional para el DesarrolloLeer m\u00e1s &#8230;<\/p>\n","protected":false},"author":1,"featured_media":10471,"comment_status":"closed","ping_status":"closed","sticky":false,"template":"","format":"standard","meta":{"footnotes":""},"categories":[84,82,83],"tags":[],"class_list":["post-9011","post","type-post","status-publish","format-standard","has-post-thumbnail","hentry","category-traveling","category-bussiness","category-city-news"],"_links":{"self":[{"href":"https:\/\/cndesge.org\/index.php?rest_route=\/wp\/v2\/posts\/9011","targetHints":{"allow":["GET"]}}],"collection":[{"href":"https:\/\/cndesge.org\/index.php?rest_route=\/wp\/v2\/posts"}],"about":[{"href":"https:\/\/cndesge.org\/index.php?rest_route=\/wp\/v2\/types\/post"}],"author":[{"embeddable":true,"href":"https:\/\/cndesge.org\/index.php?rest_route=\/wp\/v2\/users\/1"}],"replies":[{"embeddable":true,"href":"https:\/\/cndesge.org\/index.php?rest_route=%2Fwp%2Fv2%2Fcomments&post=9011"}],"version-history":[{"count":14,"href":"https:\/\/cndesge.org\/index.php?rest_route=\/wp\/v2\/posts\/9011\/revisions"}],"predecessor-version":[{"id":10670,"href":"https:\/\/cndesge.org\/index.php?rest_route=\/wp\/v2\/posts\/9011\/revisions\/10670"}],"wp:featuredmedia":[{"embeddable":true,"href":"https:\/\/cndesge.org\/index.php?rest_route=\/wp\/v2\/media\/10471"}],"wp:attachment":[{"href":"https:\/\/cndesge.org\/index.php?rest_route=%2Fwp%2Fv2%2Fmedia&parent=9011"}],"wp:term":[{"taxonomy":"category","embeddable":true,"href":"https:\/\/cndesge.org\/index.php?rest_route=%2Fwp%2Fv2%2Fcategories&post=9011"},{"taxonomy":"post_tag","embeddable":true,"href":"https:\/\/cndesge.org\/index.php?rest_route=%2Fwp%2Fv2%2Ftags&post=9011"}],"curies":[{"name":"wp","href":"https:\/\/api.w.org\/{rel}","templated":true}]}}