{"id":8979,"date":"2025-02-05T13:58:29","date_gmt":"2025-02-05T13:58:29","guid":{"rendered":"https:\/?p=8979"},"modified":"2025-03-30T17:02:22","modified_gmt":"2025-03-30T17:02:22","slug":"la-excma-sra-maria-del-mar-bonkanka-tabares-acompanada-del-embajador-de-guinea-ecuatorial-en-cuba-se-reunen-con-las-representantes-del-centro-de-investigaciones-psicologicas-y-sociologicas-cubano","status":"publish","type":"post","link":"https:\/\/cndesge.org\/?p=8979","title":{"rendered":"La Excma.Sra Mar\u00eda del Mar Bonkanka Tabares, acompa\u00f1ada del Embajador de Guinea Ecuatorial en Cuba, se re\u00fanen con las representantes del centro de investigaciones psicol\u00f3gicas y sociol\u00f3gicas cubano."},"content":{"rendered":"\t\t<div data-elementor-type=\"wp-post\" data-elementor-id=\"8979\" class=\"elementor elementor-8979\">\n\t\t\t\t<div class=\"elementor-element elementor-element-3fdb20fb e-flex e-con-boxed e-con e-parent\" data-id=\"3fdb20fb\" data-element_type=\"container\" data-e-type=\"container\">\n\t\t\t\t\t<div class=\"e-con-inner\">\n\t\t\t\t<div class=\"elementor-element elementor-element-11b0da1d elementor-widget elementor-widget-text-editor\" data-id=\"11b0da1d\" data-element_type=\"widget\" data-e-type=\"widget\" data-widget_type=\"text-editor.default\">\n\t\t\t\t<div class=\"elementor-widget-container\">\n\t\t\t\t\t\t\t\t\t\n<p>La Excma. Sra. Mar\u00eda del Mar Bonkanka Tabares, Miembro del Consejo Nacional para el Desarrollo Econ\u00f3mico y Social(CNDES), mantuvo un encuentro en La Habana (Cuba) con el equipo directivo del Centro de Investigaciones Psicol\u00f3gicas y Sociol\u00f3gicas (CIPS), organismo perteneciente al Ministerio de Ciencia, Tecnolog\u00eda y Medioambiente , que trabaja en estrecha colaboraci\u00f3n con los Ministerios de Planificaci\u00f3n, Trabajo y Seguridad Social y Educaci\u00f3n.<br \/>El objeto de la reuni\u00f3n era de un lado conocer la labor que realiza el Consejo Nacional para el Desarrollo Econ\u00f3mico y Social y de otro, presentar la intenci\u00f3n de cooperar con entidades de nuestro pa\u00eds, en temas de desarrollo social a nivel multidisciplinar.<br \/>El personal directivo del centro ha manifestado su inter\u00e9s de viajar a Guinea Ecuatorial durante este mes de febrero y conocer in situ el trabajo que realizan instituciones como el CNDES as\u00ed como otras reconocidas en su campo de acci\u00f3n.<br \/>Durante dicho encuentro, la Excma. Miembro del Consejo, estuvo acompa\u00f1ada del Excmo. Embajador de Guinea Ecuatorial en Cuba.<\/p>\n<p>&nbsp;<\/p>\n<div class=\"wp-block-columns\">\n<div class=\"wp-block-column\">\n<figure class=\"wp-block-image size-large\"><a href=\"http:\/\/cndesge.org\/wp-content\/uploads\/2025\/02\/WhatsApp-Image-2025-02-03-at-20.16.13.jpeg\"><img decoding=\"async\" class=\"wp-image-8982\" src=\"http:\/\/cndesge.org\/wp-content\/uploads\/2025\/02\/WhatsApp-Image-2025-02-03-at-20.16.13-768x1024.jpeg\" alt=\"\" \/><\/a><\/figure>\n<\/div>\n<!-- \/wp:column --><\/div>\n<!-- \/wp:columns -->\t\t\t\t\t\t\t\t<\/div>\n\t\t\t\t<\/div>\n\t\t\t\t\t<\/div>\n\t\t\t\t<\/div>\n\t\t<div class=\"elementor-element elementor-element-9e95dbd e-flex e-con-boxed e-con e-parent\" data-id=\"9e95dbd\" data-element_type=\"container\" data-e-type=\"container\">\n\t\t\t\t\t<div class=\"e-con-inner\">\n\t\t<div class=\"elementor-element elementor-element-b9b1225 e-con-full e-flex e-con e-child\" data-id=\"b9b1225\" data-element_type=\"container\" data-e-type=\"container\">\n\t\t\t\t<div class=\"elementor-element elementor-element-ede9ee0 elementor-widget elementor-widget-image\" data-id=\"ede9ee0\" data-element_type=\"widget\" data-e-type=\"widget\" data-widget_type=\"image.default\">\n\t\t\t\t<div class=\"elementor-widget-container\">\n\t\t\t\t\t\t\t\t\t\t\t\t\t\t\t<img fetchpriority=\"high\" decoding=\"async\" width=\"525\" height=\"700\" src=\"https:\/\/cndesge.org\/wp-content\/uploads\/2025\/02\/WhatsApp-Image-2025-03-30-at-13.12.43-768x1024.jpeg\" class=\"attachment-large size-large wp-image-10516\" alt=\"\" srcset=\"https:\/\/cndesge.org\/wp-content\/uploads\/2025\/02\/WhatsApp-Image-2025-03-30-at-13.12.43-768x1024.jpeg 768w, https:\/\/cndesge.org\/wp-content\/uploads\/2025\/02\/WhatsApp-Image-2025-03-30-at-13.12.43-225x300.jpeg 225w, https:\/\/cndesge.org\/wp-content\/uploads\/2025\/02\/WhatsApp-Image-2025-03-30-at-13.12.43-600x800.jpeg 600w, https:\/\/cndesge.org\/wp-content\/uploads\/2025\/02\/WhatsApp-Image-2025-03-30-at-13.12.43.jpeg 810w\" sizes=\"(max-width: 525px) 100vw, 525px\" \/>\t\t\t\t\t\t\t\t\t\t\t\t\t\t\t<\/div>\n\t\t\t\t<\/div>\n\t\t\t\t<\/div>\n\t\t<div class=\"elementor-element elementor-element-d1ad17e e-con-full e-flex e-con e-child\" data-id=\"d1ad17e\" data-element_type=\"container\" data-e-type=\"container\">\n\t\t\t\t<div class=\"elementor-element elementor-element-02f09ce elementor-widget elementor-widget-image\" data-id=\"02f09ce\" data-element_type=\"widget\" data-e-type=\"widget\" data-widget_type=\"image.default\">\n\t\t\t\t<div class=\"elementor-widget-container\">\n\t\t\t\t\t\t\t\t\t\t\t\t\t\t\t<img decoding=\"async\" width=\"525\" height=\"700\" src=\"https:\/\/cndesge.org\/wp-content\/uploads\/2025\/02\/WhatsApp-Image-2025-03-30-at-14.02.58-768x1024.jpeg\" class=\"attachment-large size-large wp-image-10518\" alt=\"\" srcset=\"https:\/\/cndesge.org\/wp-content\/uploads\/2025\/02\/WhatsApp-Image-2025-03-30-at-14.02.58-768x1024.jpeg 768w, https:\/\/cndesge.org\/wp-content\/uploads\/2025\/02\/WhatsApp-Image-2025-03-30-at-14.02.58-225x300.jpeg 225w, https:\/\/cndesge.org\/wp-content\/uploads\/2025\/02\/WhatsApp-Image-2025-03-30-at-14.02.58-600x800.jpeg 600w, https:\/\/cndesge.org\/wp-content\/uploads\/2025\/02\/WhatsApp-Image-2025-03-30-at-14.02.58.jpeg 810w\" sizes=\"(max-width: 525px) 100vw, 525px\" \/>\t\t\t\t\t\t\t\t\t\t\t\t\t\t\t<\/div>\n\t\t\t\t<\/div>\n\t\t\t\t<\/div>\n\t\t\t\t\t<\/div>\n\t\t\t\t<\/div>\n\t\t\t\t<\/div>\n\t\t","protected":false},"excerpt":{"rendered":"<p>La Excma. Sra. Mar\u00eda del Mar Bonkanka Tabares, Miembro del Consejo Nacional para el Desarrollo Econ\u00f3mico y Social(CNDES), mantuvo un encuentro en La Habana (Cuba) con el equipo directivo del Centro de Investigaciones Psicol\u00f3gicas y Sociol\u00f3gicas (CIPS), organismo perteneciente al Ministerio de Ciencia, Tecnolog\u00eda y Medioambiente , que trabaja en estrecha colaboraci\u00f3n con los MinisteriosLeer m\u00e1s &#8230;<\/p>\n","protected":false},"author":1,"featured_media":10479,"comment_status":"closed","ping_status":"closed","sticky":false,"template":"","format":"standard","meta":{"footnotes":""},"categories":[84,82,83],"tags":[],"class_list":["post-8979","post","type-post","status-publish","format-standard","has-post-thumbnail","hentry","category-traveling","category-bussiness","category-city-news"],"_links":{"self":[{"href":"https:\/\/cndesge.org\/index.php?rest_route=\/wp\/v2\/posts\/8979","targetHints":{"allow":["GET"]}}],"collection":[{"href":"https:\/\/cndesge.org\/index.php?rest_route=\/wp\/v2\/posts"}],"about":[{"href":"https:\/\/cndesge.org\/index.php?rest_route=\/wp\/v2\/types\/post"}],"author":[{"embeddable":true,"href":"https:\/\/cndesge.org\/index.php?rest_route=\/wp\/v2\/users\/1"}],"replies":[{"embeddable":true,"href":"https:\/\/cndesge.org\/index.php?rest_route=%2Fwp%2Fv2%2Fcomments&post=8979"}],"version-history":[{"count":4,"href":"https:\/\/cndesge.org\/index.php?rest_route=\/wp\/v2\/posts\/8979\/revisions"}],"predecessor-version":[{"id":10521,"href":"https:\/\/cndesge.org\/index.php?rest_route=\/wp\/v2\/posts\/8979\/revisions\/10521"}],"wp:featuredmedia":[{"embeddable":true,"href":"https:\/\/cndesge.org\/index.php?rest_route=\/wp\/v2\/media\/10479"}],"wp:attachment":[{"href":"https:\/\/cndesge.org\/index.php?rest_route=%2Fwp%2Fv2%2Fmedia&parent=8979"}],"wp:term":[{"taxonomy":"category","embeddable":true,"href":"https:\/\/cndesge.org\/index.php?rest_route=%2Fwp%2Fv2%2Fcategories&post=8979"},{"taxonomy":"post_tag","embeddable":true,"href":"https:\/\/cndesge.org\/index.php?rest_route=%2Fwp%2Fv2%2Ftags&post=8979"}],"curies":[{"name":"wp","href":"https:\/\/api.w.org\/{rel}","templated":true}]}}