{"id":8971,"date":"2025-01-31T17:06:54","date_gmt":"2025-01-31T17:06:54","guid":{"rendered":"https:\/?p=8971"},"modified":"2025-03-30T11:14:55","modified_gmt":"2025-03-30T11:14:55","slug":"participacion-de-una-delegacion-del-consejonacional-de-desarrollo-economico-y-social-en-la-viconferencia-internaciona-por-el-equilibrio-del-mundocon-todos-y-para-el-bien-de-todos","status":"publish","type":"post","link":"https:\/\/cndesge.org\/?p=8971","title":{"rendered":"Participaci\u00f3n de una Delegaci\u00f3n del Consejo Nacional para el Desarrollo Econ\u00f3mico y Social En La VI Conferencia Internacional por el Equilibrio del Mundo \u201cCON TODOS Y PARA EL BIEN DE TODOS\u201d."},"content":{"rendered":"\t\t<div data-elementor-type=\"wp-post\" data-elementor-id=\"8971\" class=\"elementor elementor-8971\">\n\t\t\t\t<div class=\"elementor-element elementor-element-142b436d e-flex e-con-boxed e-con e-parent\" data-id=\"142b436d\" data-element_type=\"container\" data-e-type=\"container\">\n\t\t\t\t\t<div class=\"e-con-inner\">\n\t\t\t\t<div class=\"elementor-element elementor-element-429d7522 elementor-widget elementor-widget-text-editor\" data-id=\"429d7522\" data-element_type=\"widget\" data-e-type=\"widget\" data-widget_type=\"text-editor.default\">\n\t\t\t\t<div class=\"elementor-widget-container\">\n\t\t\t\t\t\t\t\t\t\n<p style=\"text-align: right;\">\u00a0<\/p>\n\n<p><strong>DI\u00c1LOGO ENTRE CIVILIZACIONES Y POR UNA CULTURA DE PAZ<\/strong><\/p>\n<p>Una delegaci\u00f3n del Consejo Nacional para el Desarrollo Econ\u00f3mico y Social (CNDES) encabezada por la Excma. Sra. \u00a0Miembro D\u00f1a. Mar\u00eda del Mar BONKANKA TABARES, se traslad\u00f3 a La Habana (Cuba), con el objetivo de participar del 28 al 31 de enero en la VI Conferencia Internacional por el equilibrio del mundo, cuyo lema de esta edici\u00f3n era \u201cCon todos y para el bien de todos\u201d.<\/p>\n\n<p>Este foro auspiciado por la UNESCO y otras plataformas internacionales, es un foro global de pensamiento plural y multidisciplinario abierto a economistas, periodistas, cient\u00edficos, escritores, formadores, etc., que ha logrado reunir a m\u00e1s de mil delegados de casi un centenar de pa\u00edses en el Palacio de Convenciones de la Habana, para abordar variados y complejos desaf\u00edos a los que se enfrentan los pa\u00edses y por ende sus habitantes.<\/p>\n\n<p>Mediante comisiones, paneles, talleres, mesas de coloquio, espacios especializados, conferencias magistrales, intervenciones especiales y otras modalidades de reflexi\u00f3n y de debate se han abordado tem\u00e1ticas fundamentales como corresponde a un evento de esta naturaleza y magnitud. En este sentido, en estos d\u00edas se han dado a conocer experiencias\u00a0 y recomendaciones en torno a tem\u00e1ticas tan variados como la irrupci\u00f3n y ampliaci\u00f3n de los pa\u00edses BRICS, el respeto a la soberan\u00eda de los Estados, el multilateralismo, la inteligencia artificial, la juventud y los retos que enfrenta, la salud, la educaci\u00f3n, la seguridad social,\u00a0 el cambio clim\u00e1tico y la biodiversidad, la importancia de tener un plan de desarrollo o la necesidad de reorientar el nuevo orden econ\u00f3mico internacional.<\/p>\n\n<p>Este tipo de encuentros son claves porque permiten sembrar ideas, reflexionar y estimular esfuerzos en pro de lograr, entre otras cosas, una mayor equidad y un mayor equilibrio a nivel mundial.<\/p>\n\n<p>Por \u00faltimo, cabe a\u00f1adir que la Conferencia fue aperturada y clausurada por el Presidente de la Rep\u00fablica de Cuba\u00a0 Miguel Diaz \u2013 Canel Berm\u00fadez y todas las sesiones y participaciones, como las realizadas por la representante del CNDES, fueron grabadas con el objetivo de que el material producido durante la Conferencia sea posteriormente editado en forma de Memorias, las cuales ser\u00e1n distribuidas en universidades y centros de formaci\u00f3n e investigaci\u00f3n.<\/p>\n\t\t\t\t\t\t\t\t<\/div>\n\t\t\t\t<\/div>\n\t\t\t\t\t<\/div>\n\t\t\t\t<\/div>\n\t\t<div class=\"elementor-element elementor-element-1886d40 e-flex e-con-boxed e-con e-parent\" data-id=\"1886d40\" data-element_type=\"container\" data-e-type=\"container\">\n\t\t\t\t\t<div class=\"e-con-inner\">\n\t\t<div class=\"elementor-element elementor-element-b271c87 e-con-full e-flex e-con e-child\" data-id=\"b271c87\" data-element_type=\"container\" data-e-type=\"container\">\n\t\t\t\t<div class=\"elementor-element elementor-element-9ceb7b9 elementor-widget elementor-widget-image\" data-id=\"9ceb7b9\" data-element_type=\"widget\" data-e-type=\"widget\" data-widget_type=\"image.default\">\n\t\t\t\t<div class=\"elementor-widget-container\">\n\t\t\t\t\t\t\t\t\t\t\t\t\t\t\t<img fetchpriority=\"high\" decoding=\"async\" width=\"640\" height=\"480\" src=\"https:\/\/cndesge.org\/wp-content\/uploads\/2025\/01\/WhatsApp-Image-2025-03-30-at-13.12.40-640x480.jpeg\" class=\"attachment-bdpp-medium size-bdpp-medium wp-image-10485\" alt=\"\" \/>\t\t\t\t\t\t\t\t\t\t\t\t\t\t\t<\/div>\n\t\t\t\t<\/div>\n\t\t\t\t<\/div>\n\t\t<div class=\"elementor-element elementor-element-21ce7b1 e-con-full e-flex e-con e-child\" data-id=\"21ce7b1\" data-element_type=\"container\" data-e-type=\"container\">\n\t\t\t\t<div class=\"elementor-element elementor-element-96a19eb elementor-widget elementor-widget-image\" data-id=\"96a19eb\" data-element_type=\"widget\" data-e-type=\"widget\" data-widget_type=\"image.default\">\n\t\t\t\t<div class=\"elementor-widget-container\">\n\t\t\t\t\t\t\t\t\t\t\t\t\t\t\t<img decoding=\"async\" width=\"640\" height=\"480\" src=\"https:\/\/cndesge.org\/wp-content\/uploads\/2025\/01\/WhatsApp-Image-2025-03-30-at-13.12.41-640x480.jpeg\" class=\"attachment-bdpp-medium size-bdpp-medium wp-image-10484\" alt=\"\" \/>\t\t\t\t\t\t\t\t\t\t\t\t\t\t\t<\/div>\n\t\t\t\t<\/div>\n\t\t\t\t<\/div>\n\t\t\t\t\t<\/div>\n\t\t\t\t<\/div>\n\t\t\t\t<\/div>\n\t\t","protected":false},"excerpt":{"rendered":"<p>\u00a0 DI\u00c1LOGO ENTRE CIVILIZACIONES Y POR UNA CULTURA DE PAZ Una delegaci\u00f3n del Consejo Nacional para el Desarrollo Econ\u00f3mico y Social (CNDES) encabezada por la Excma. Sra. \u00a0Miembro D\u00f1a. Mar\u00eda del Mar BONKANKA TABARES, se traslad\u00f3 a La Habana (Cuba), con el objetivo de participar del 28 al 31 de enero en la VI ConferenciaLeer m\u00e1s &#8230;<\/p>\n","protected":false},"author":1,"featured_media":10480,"comment_status":"open","ping_status":"open","sticky":false,"template":"","format":"standard","meta":{"footnotes":""},"categories":[84,87,83],"tags":[],"class_list":["post-8971","post","type-post","status-publish","format-standard","has-post-thumbnail","hentry","category-traveling","category-seminarios","category-city-news"],"_links":{"self":[{"href":"https:\/\/cndesge.org\/index.php?rest_route=\/wp\/v2\/posts\/8971","targetHints":{"allow":["GET"]}}],"collection":[{"href":"https:\/\/cndesge.org\/index.php?rest_route=\/wp\/v2\/posts"}],"about":[{"href":"https:\/\/cndesge.org\/index.php?rest_route=\/wp\/v2\/types\/post"}],"author":[{"embeddable":true,"href":"https:\/\/cndesge.org\/index.php?rest_route=\/wp\/v2\/users\/1"}],"replies":[{"embeddable":true,"href":"https:\/\/cndesge.org\/index.php?rest_route=%2Fwp%2Fv2%2Fcomments&post=8971"}],"version-history":[{"count":4,"href":"https:\/\/cndesge.org\/index.php?rest_route=\/wp\/v2\/posts\/8971\/revisions"}],"predecessor-version":[{"id":10488,"href":"https:\/\/cndesge.org\/index.php?rest_route=\/wp\/v2\/posts\/8971\/revisions\/10488"}],"wp:featuredmedia":[{"embeddable":true,"href":"https:\/\/cndesge.org\/index.php?rest_route=\/wp\/v2\/media\/10480"}],"wp:attachment":[{"href":"https:\/\/cndesge.org\/index.php?rest_route=%2Fwp%2Fv2%2Fmedia&parent=8971"}],"wp:term":[{"taxonomy":"category","embeddable":true,"href":"https:\/\/cndesge.org\/index.php?rest_route=%2Fwp%2Fv2%2Fcategories&post=8971"},{"taxonomy":"post_tag","embeddable":true,"href":"https:\/\/cndesge.org\/index.php?rest_route=%2Fwp%2Fv2%2Ftags&post=8971"}],"curies":[{"name":"wp","href":"https:\/\/api.w.org\/{rel}","templated":true}]}}