{"id":8917,"date":"2025-01-16T17:20:57","date_gmt":"2025-01-16T17:20:57","guid":{"rendered":"https:\/?p=8917"},"modified":"2025-03-30T12:15:53","modified_gmt":"2025-03-30T12:15:53","slug":"primera-reunion-del-pleno-del-consejo-nacional-para-el-desarrollo-economico-y-social-de-guinea-ecuatorial-del-ano-2025","status":"publish","type":"post","link":"https:\/\/cndesge.org\/?p=8917","title":{"rendered":"Primera reuni\u00f3n del Pleno del Consejo Nacional para el Desarrollo Econ\u00f3mico y Social de Guinea Ecuatorial del a\u00f1o 2025."},"content":{"rendered":"\t\t<div data-elementor-type=\"wp-post\" data-elementor-id=\"8917\" class=\"elementor elementor-8917\">\n\t\t\t\t<div class=\"elementor-element elementor-element-3521462 e-flex e-con-boxed e-con e-parent\" data-id=\"3521462\" data-element_type=\"container\" data-e-type=\"container\">\n\t\t\t\t\t<div class=\"e-con-inner\">\n\t\t<div class=\"elementor-element elementor-element-08a5041 e-con-full e-flex e-con e-child\" data-id=\"08a5041\" data-element_type=\"container\" data-e-type=\"container\">\n\t\t\t\t<div class=\"elementor-element elementor-element-9ec44a1 elementor-widget elementor-widget-text-editor\" data-id=\"9ec44a1\" data-element_type=\"widget\" data-e-type=\"widget\" data-widget_type=\"text-editor.default\">\n\t\t\t\t<div class=\"elementor-widget-container\">\n\t\t\t\t\t\t\t\t\t<p>Cumpliendo con las disposiciones legales que regulan el funcionamiento del alto \u00d3rgano Constitucional (Articulo 17.1) de su Ley Org\u00e1nica, el Consejo Nacional para el Desarrollo Econ\u00f3mico y Social (CNDES) ha mantenido este martes 14 de enero su primera reuni\u00f3n del Pleno en lo que va del a\u00f1o 2025 para abordar temas relativos al mandato constitucional de la instituci\u00f3n en materia econ\u00f3mica y social del pa\u00eds, entre los que se destaca.<\/p>\t\t\t\t\t\t\t\t<\/div>\n\t\t\t\t<\/div>\n\t\t\t\t<\/div>\n\t\t<div class=\"elementor-element elementor-element-12de685 e-con-full e-flex e-con e-child\" data-id=\"12de685\" data-element_type=\"container\" data-e-type=\"container\">\n\t\t\t\t<div class=\"elementor-element elementor-element-fdd75d1 elementor-widget elementor-widget-image\" data-id=\"fdd75d1\" data-element_type=\"widget\" data-e-type=\"widget\" data-widget_type=\"image.default\">\n\t\t\t\t<div class=\"elementor-widget-container\">\n\t\t\t\t\t\t\t\t\t\t\t\t<figure class=\"wp-caption\">\n\t\t\t\t\t\t\t\t\t\t<img fetchpriority=\"high\" decoding=\"async\" width=\"2560\" height=\"1706\" src=\"https:\/\/cndesge.org\/wp-content\/uploads\/2025\/01\/WhatsApp-Image-2025-03-30-at-14.13.08.jpeg\" class=\"attachment-full size-full wp-image-10532\" alt=\"\" srcset=\"https:\/\/cndesge.org\/wp-content\/uploads\/2025\/01\/WhatsApp-Image-2025-03-30-at-14.13.08.jpeg 2560w, https:\/\/cndesge.org\/wp-content\/uploads\/2025\/01\/WhatsApp-Image-2025-03-30-at-14.13.08-300x200.jpeg 300w, https:\/\/cndesge.org\/wp-content\/uploads\/2025\/01\/WhatsApp-Image-2025-03-30-at-14.13.08-1024x682.jpeg 1024w, https:\/\/cndesge.org\/wp-content\/uploads\/2025\/01\/WhatsApp-Image-2025-03-30-at-14.13.08-768x512.jpeg 768w, https:\/\/cndesge.org\/wp-content\/uploads\/2025\/01\/WhatsApp-Image-2025-03-30-at-14.13.08-1536x1024.jpeg 1536w, https:\/\/cndesge.org\/wp-content\/uploads\/2025\/01\/WhatsApp-Image-2025-03-30-at-14.13.08-2048x1365.jpeg 2048w, https:\/\/cndesge.org\/wp-content\/uploads\/2025\/01\/WhatsApp-Image-2025-03-30-at-14.13.08-390x260.jpeg 390w, https:\/\/cndesge.org\/wp-content\/uploads\/2025\/01\/WhatsApp-Image-2025-03-30-at-14.13.08-600x400.jpeg 600w\" sizes=\"(max-width: 2560px) 100vw, 2560px\" \/>\t\t\t\t\t\t\t\t\t\t\t<figcaption class=\"widget-image-caption wp-caption-text\"><\/figcaption>\n\t\t\t\t\t\t\t\t\t\t<\/figure>\n\t\t\t\t\t\t\t\t\t<\/div>\n\t\t\t\t<\/div>\n\t\t\t\t<\/div>\n\t\t\t\t\t<\/div>\n\t\t\t\t<\/div>\n\t\t<div class=\"elementor-element elementor-element-25bc4c3 e-flex e-con-boxed e-con e-parent\" data-id=\"25bc4c3\" data-element_type=\"container\" data-e-type=\"container\">\n\t\t\t\t\t<div class=\"e-con-inner\">\n\t\t\t\t<div class=\"elementor-element elementor-element-62e0bc5 elementor-icon-list--layout-traditional elementor-list-item-link-full_width elementor-widget elementor-widget-icon-list\" data-id=\"62e0bc5\" data-element_type=\"widget\" data-e-type=\"widget\" data-widget_type=\"icon-list.default\">\n\t\t\t\t<div class=\"elementor-widget-container\">\n\t\t\t\t\t\t\t<ul class=\"elementor-icon-list-items\">\n\t\t\t\t\t\t\t<li class=\"elementor-icon-list-item\">\n\t\t\t\t\t\t\t\t\t\t\t<span class=\"elementor-icon-list-icon\">\n\t\t\t\t\t\t\t<svg aria-hidden=\"true\" class=\"e-font-icon-svg e-fas-check\" viewBox=\"0 0 512 512\" xmlns=\"http:\/\/www.w3.org\/2000\/svg\"><path d=\"M173.898 439.404l-166.4-166.4c-9.997-9.997-9.997-26.206 0-36.204l36.203-36.204c9.997-9.998 26.207-9.998 36.204 0L192 312.69 432.095 72.596c9.997-9.997 26.207-9.997 36.204 0l36.203 36.204c9.997 9.997 9.997 26.206 0 36.204l-294.4 294.401c-9.998 9.997-26.207 9.997-36.204-.001z\"><\/path><\/svg>\t\t\t\t\t\t<\/span>\n\t\t\t\t\t\t\t\t\t\t<span class=\"elementor-icon-list-text\">1.\u00a0El Pleno ha aprobado la Memoria Anual de la instituci\u00f3n sobre la situaci\u00f3n econ\u00f3mica, social, medioambiental, industrial, laboral, cultural del pa\u00eds.<\/span>\n\t\t\t\t\t\t\t\t\t<\/li>\n\t\t\t\t\t\t\t\t<li class=\"elementor-icon-list-item\">\n\t\t\t\t\t\t\t\t\t\t\t<span class=\"elementor-icon-list-icon\">\n\t\t\t\t\t\t\t<svg aria-hidden=\"true\" class=\"e-font-icon-svg e-fas-check\" viewBox=\"0 0 512 512\" xmlns=\"http:\/\/www.w3.org\/2000\/svg\"><path d=\"M173.898 439.404l-166.4-166.4c-9.997-9.997-9.997-26.206 0-36.204l36.203-36.204c9.997-9.998 26.207-9.998 36.204 0L192 312.69 432.095 72.596c9.997-9.997 26.207-9.997 36.204 0l36.203 36.204c9.997 9.997 9.997 26.206 0 36.204l-294.4 294.401c-9.998 9.997-26.207 9.997-36.204-.001z\"><\/path><\/svg>\t\t\t\t\t\t<\/span>\n\t\t\t\t\t\t\t\t\t\t<span class=\"elementor-icon-list-text\">2.\u00a0Se ha analizado la propuesta de un instrumento normativo\u00a0de creaci\u00f3n de un Comit\u00e9 Interinstitucional de Coordinaci\u00f3n y Seguimiento de la ejecuci\u00f3n del programa de diversificaci\u00f3n econ\u00f3mica del pa\u00eds con proyectos financiable con recursos propios y de resultados tangibles, cuantificables y de f\u00e1cil adecuaci\u00f3n a las nuevas realidades econ\u00f3micas y sociales que vaya conociendo la naci\u00f3n.<\/span>\n\t\t\t\t\t\t\t\t\t<\/li>\n\t\t\t\t\t\t<\/ul>\n\t\t\t\t\t\t<\/div>\n\t\t\t\t<\/div>\n\t\t\t\t<div class=\"elementor-element elementor-element-987e12a elementor-widget elementor-widget-text-editor\" data-id=\"987e12a\" data-element_type=\"widget\" data-e-type=\"widget\" data-widget_type=\"text-editor.default\">\n\t\t\t\t<div class=\"elementor-widget-container\">\n\t\t\t\t\t\t\t\t\t<p>\u00a0<\/p>\n<p><!-- \/wp:paragraph --><!-- wp:paragraph --><\/p>\n<p><!-- \/wp:paragraph --><!-- wp:paragraph --><\/p>\t\t\t\t\t\t\t\t<\/div>\n\t\t\t\t<\/div>\n\t\t\t\t\t<\/div>\n\t\t\t\t<\/div>\n\t\t\t\t<\/div>\n\t\t","protected":false},"excerpt":{"rendered":"<p>Cumpliendo con las disposiciones legales que regulan el funcionamiento del alto \u00d3rgano Constitucional (Articulo 17.1) de su Ley Org\u00e1nica, el Consejo Nacional para el Desarrollo Econ\u00f3mico y Social (CNDES) ha mantenido este martes 14 de enero su primera reuni\u00f3n del Pleno en lo que va del a\u00f1o 2025 para abordar temas relativos al mandato constitucionalLeer m\u00e1s &#8230;<\/p>\n","protected":false},"author":1,"featured_media":10536,"comment_status":"closed","ping_status":"closed","sticky":false,"template":"","format":"standard","meta":{"footnotes":""},"categories":[82,83],"tags":[],"class_list":["post-8917","post","type-post","status-publish","format-standard","has-post-thumbnail","hentry","category-bussiness","category-city-news"],"_links":{"self":[{"href":"https:\/\/cndesge.org\/index.php?rest_route=\/wp\/v2\/posts\/8917","targetHints":{"allow":["GET"]}}],"collection":[{"href":"https:\/\/cndesge.org\/index.php?rest_route=\/wp\/v2\/posts"}],"about":[{"href":"https:\/\/cndesge.org\/index.php?rest_route=\/wp\/v2\/types\/post"}],"author":[{"embeddable":true,"href":"https:\/\/cndesge.org\/index.php?rest_route=\/wp\/v2\/users\/1"}],"replies":[{"embeddable":true,"href":"https:\/\/cndesge.org\/index.php?rest_route=%2Fwp%2Fv2%2Fcomments&post=8917"}],"version-history":[{"count":14,"href":"https:\/\/cndesge.org\/index.php?rest_route=\/wp\/v2\/posts\/8917\/revisions"}],"predecessor-version":[{"id":10537,"href":"https:\/\/cndesge.org\/index.php?rest_route=\/wp\/v2\/posts\/8917\/revisions\/10537"}],"wp:featuredmedia":[{"embeddable":true,"href":"https:\/\/cndesge.org\/index.php?rest_route=\/wp\/v2\/media\/10536"}],"wp:attachment":[{"href":"https:\/\/cndesge.org\/index.php?rest_route=%2Fwp%2Fv2%2Fmedia&parent=8917"}],"wp:term":[{"taxonomy":"category","embeddable":true,"href":"https:\/\/cndesge.org\/index.php?rest_route=%2Fwp%2Fv2%2Fcategories&post=8917"},{"taxonomy":"post_tag","embeddable":true,"href":"https:\/\/cndesge.org\/index.php?rest_route=%2Fwp%2Fv2%2Ftags&post=8917"}],"curies":[{"name":"wp","href":"https:\/\/api.w.org\/{rel}","templated":true}]}}