{"id":8897,"date":"2024-12-06T21:11:46","date_gmt":"2024-12-06T21:11:46","guid":{"rendered":"https:\/?p=8897"},"modified":"2025-03-30T13:10:50","modified_gmt":"2025-03-30T13:10:50","slug":"el-ministro-de-justicia-culto-y-derechos-humanos-el-excmo-senor-reginaldo-biyogo-mba-ndong-ha-realizado-una-visita-de-cortesia-al-consejo-nacional-para-el-desarrollo-economico-y-social-de-guinea-ec","status":"publish","type":"post","link":"https:\/\/cndesge.org\/?p=8897","title":{"rendered":"El Ministro de Justicia, Culto y Derechos Humanos, el Excmo. Se\u00f1or Reginaldo Biyogo Mba Ndong ha realizado una visita de Cortes\u00eda al Consejo Nacional para el Desarrollo Econ\u00f3mico y Social de Guinea Ecuatorial"},"content":{"rendered":"\t\t<div data-elementor-type=\"wp-post\" data-elementor-id=\"8897\" class=\"elementor elementor-8897\">\n\t\t\t\t<div class=\"elementor-element elementor-element-1923361 e-flex e-con-boxed e-con e-parent\" data-id=\"1923361\" data-element_type=\"container\" data-e-type=\"container\">\n\t\t\t\t\t<div class=\"e-con-inner\">\n\t\t<div class=\"elementor-element elementor-element-a7a24a4 e-con-full e-flex e-con e-child\" data-id=\"a7a24a4\" data-element_type=\"container\" data-e-type=\"container\">\n\t\t\t\t<div class=\"elementor-element elementor-element-1dd46e4 elementor-widget elementor-widget-image\" data-id=\"1dd46e4\" data-element_type=\"widget\" data-e-type=\"widget\" data-widget_type=\"image.default\">\n\t\t\t\t<div class=\"elementor-widget-container\">\n\t\t\t\t\t\t\t\t\t\t\t\t\t\t\t<img fetchpriority=\"high\" decoding=\"async\" width=\"525\" height=\"350\" src=\"https:\/\/cndesge.org\/wp-content\/uploads\/2024\/12\/WhatsApp-Image-2025-03-30-at-14.26.04-1024x682.jpeg\" class=\"attachment-large size-large wp-image-10549\" alt=\"\" srcset=\"https:\/\/cndesge.org\/wp-content\/uploads\/2024\/12\/WhatsApp-Image-2025-03-30-at-14.26.04-1024x682.jpeg 1024w, https:\/\/cndesge.org\/wp-content\/uploads\/2024\/12\/WhatsApp-Image-2025-03-30-at-14.26.04-300x200.jpeg 300w, https:\/\/cndesge.org\/wp-content\/uploads\/2024\/12\/WhatsApp-Image-2025-03-30-at-14.26.04-768x512.jpeg 768w, https:\/\/cndesge.org\/wp-content\/uploads\/2024\/12\/WhatsApp-Image-2025-03-30-at-14.26.04-1536x1024.jpeg 1536w, https:\/\/cndesge.org\/wp-content\/uploads\/2024\/12\/WhatsApp-Image-2025-03-30-at-14.26.04-2048x1365.jpeg 2048w, https:\/\/cndesge.org\/wp-content\/uploads\/2024\/12\/WhatsApp-Image-2025-03-30-at-14.26.04-390x260.jpeg 390w, https:\/\/cndesge.org\/wp-content\/uploads\/2024\/12\/WhatsApp-Image-2025-03-30-at-14.26.04-600x400.jpeg 600w\" sizes=\"(max-width: 525px) 100vw, 525px\" \/>\t\t\t\t\t\t\t\t\t\t\t\t\t\t\t<\/div>\n\t\t\t\t<\/div>\n\t\t\t\t<\/div>\n\t\t<div class=\"elementor-element elementor-element-7718199 e-con-full e-flex e-con e-child\" data-id=\"7718199\" data-element_type=\"container\" data-e-type=\"container\">\n\t\t\t\t<div class=\"elementor-element elementor-element-b8d5c0c elementor-widget elementor-widget-text-editor\" data-id=\"b8d5c0c\" data-element_type=\"widget\" data-e-type=\"widget\" data-widget_type=\"text-editor.default\">\n\t\t\t\t<div class=\"elementor-widget-container\">\n\t\t\t\t\t\t\t\t\t<p>El Ministro de Justicia, Culto y Derechos Humanos, Reginaldo Biyogo Mba Ndong, manifiesta su preocupaci\u00f3n por la descoordinaci\u00f3n que existe en la administraci\u00f3n p\u00fablica en materia de iniciativas legislativas.<\/p>\n<p><!-- \/wp:paragraph --><!-- wp:paragraph --><\/p>\n<p>Esta informaci\u00f3n se desprende de la audiencia que ha concedido el Presidente del Consejo Nacional para el Desarrollo Econ\u00f3mico y Social, Excmo Sr. Marcelino Owono Edu, al Miembro de gobierno en su despacho oficial en Malabo II.<\/p>\n<p>En el dialogo, el Miembro de gobierno ha pedido al CNDES apoyo para reorientar la econom\u00eda del pa\u00eds y garantizar el exacto cumplimiento de las leyes para garantizar la atracci\u00f3n de la inversi\u00f3n extranjera al pa\u00eds.<\/p>\n<p><!-- \/wp:columns --><!-- wp:columns --><\/p>\n<div class=\"wp-block-columns\"><!-- wp:column -->\n<div class=\"wp-block-column\"><!-- wp:paragraph --><\/div>\n<\/div>\n<p>\u00a0<\/p>\t\t\t\t\t\t\t\t<\/div>\n\t\t\t\t<\/div>\n\t\t\t\t<\/div>\n\t\t\t\t\t<\/div>\n\t\t\t\t<\/div>\n\t\t<div class=\"elementor-element elementor-element-1b09a45 e-flex e-con-boxed e-con e-parent\" data-id=\"1b09a45\" data-element_type=\"container\" data-e-type=\"container\">\n\t\t\t\t\t<div class=\"e-con-inner\">\n\t\t\t\t<div class=\"elementor-element elementor-element-ca25f49 elementor-widget elementor-widget-text-editor\" data-id=\"ca25f49\" data-element_type=\"widget\" data-e-type=\"widget\" data-widget_type=\"text-editor.default\">\n\t\t\t\t<div class=\"elementor-widget-container\">\n\t\t\t\t\t\t\t\t\t<p>Tambi\u00e9n ha presentado su preocupaci\u00f3n por la descoordinaci\u00f3n prevalente en la administraci\u00f3n p\u00fablica en materia de iniciativas legislativas, al constatar que varios departamentos ministeriales est\u00e1n legislando sin contar con la visi\u00f3n t\u00e9cnica de la Comisi\u00f3n Nacional de Codificaci\u00f3n de leyes del ministerio de Justicia, situaci\u00f3n ha dicho, supone un gasto econ\u00f3mico para el gobierno teniendo en cuenta las ingentes cuant\u00edas econ\u00f3micas que se destina a cada departamento ministerial en los Presupuestos Generales del Estado para estas cuestiones, dinero que se podr\u00eda ahorrar si la Comisi\u00f3n Nacional de Codificaci\u00f3n de leyes hiciera dicho trabajo en estos tiempos de crisis econ\u00f3mica que est\u00e1 enfrentando pa\u00eds.<\/p>\n<p>Marcelino Owono Edu por su parte, ha manifestado su preocupaci\u00f3n con la proliferaci\u00f3n de funciones e iniciativas legislativas en todos los departamentos del pa\u00eds, as\u00ed como la implementaci\u00f3n de leyes que favorecen sobremanera a los empleados, en detrimento de las empresas y la inversi\u00f3n extranjera, situaci\u00f3n que est\u00e1 provocando la huida de capital extranjero y el cierre de muchas empresas en Guinea Ecuatorial, con el consecuente incremento de la tasa de paro que esto conlleva; en este sentido, ha expresado la predisposici\u00f3n del \u00f3rgano que dirige para asesorar sobre expedientes que el ministerio de justicia ponga a la disposici\u00f3n de la Instituci\u00f3n.<\/p>\t\t\t\t\t\t\t\t<\/div>\n\t\t\t\t<\/div>\n\t\t\t\t\t<\/div>\n\t\t\t\t<\/div>\n\t\t<div class=\"elementor-element elementor-element-944ca61 e-flex e-con-boxed e-con e-parent\" data-id=\"944ca61\" data-element_type=\"container\" data-e-type=\"container\">\n\t\t\t\t\t<div class=\"e-con-inner\">\n\t\t<div class=\"elementor-element elementor-element-02165c0 e-con-full e-flex e-con e-child\" data-id=\"02165c0\" data-element_type=\"container\" data-e-type=\"container\">\n\t\t\t\t<div class=\"elementor-element elementor-element-13f29da elementor-widget elementor-widget-image\" data-id=\"13f29da\" data-element_type=\"widget\" data-e-type=\"widget\" data-widget_type=\"image.default\">\n\t\t\t\t<div class=\"elementor-widget-container\">\n\t\t\t\t\t\t\t\t\t\t\t\t\t\t\t<img decoding=\"async\" width=\"640\" height=\"480\" src=\"https:\/\/cndesge.org\/wp-content\/uploads\/2024\/12\/WhatsApp-Image-2025-03-30-at-14.26.05-640x480.jpeg\" class=\"attachment-bdpp-medium size-bdpp-medium wp-image-10551\" alt=\"\" \/>\t\t\t\t\t\t\t\t\t\t\t\t\t\t\t<\/div>\n\t\t\t\t<\/div>\n\t\t\t\t<\/div>\n\t\t<div class=\"elementor-element elementor-element-d28e048 e-con-full e-flex e-con e-child\" data-id=\"d28e048\" data-element_type=\"container\" data-e-type=\"container\">\n\t\t\t\t<div class=\"elementor-element elementor-element-be5419e elementor-widget elementor-widget-image\" data-id=\"be5419e\" data-element_type=\"widget\" data-e-type=\"widget\" data-widget_type=\"image.default\">\n\t\t\t\t<div class=\"elementor-widget-container\">\n\t\t\t\t\t\t\t\t\t\t\t\t\t\t\t<img decoding=\"async\" width=\"640\" height=\"480\" src=\"https:\/\/cndesge.org\/wp-content\/uploads\/2024\/12\/WhatsApp-Image-2025-03-30-at-14.26.04-1-640x480.jpeg\" class=\"attachment-bdpp-medium size-bdpp-medium wp-image-10552\" alt=\"\" \/>\t\t\t\t\t\t\t\t\t\t\t\t\t\t\t<\/div>\n\t\t\t\t<\/div>\n\t\t\t\t<\/div>\n\t\t\t\t\t<\/div>\n\t\t\t\t<\/div>\n\t\t\t\t<\/div>\n\t\t","protected":false},"excerpt":{"rendered":"<p>El Ministro de Justicia, Culto y Derechos Humanos, Reginaldo Biyogo Mba Ndong, manifiesta su preocupaci\u00f3n por la descoordinaci\u00f3n que existe en la administraci\u00f3n p\u00fablica en materia de iniciativas legislativas. Esta informaci\u00f3n se desprende de la audiencia que ha concedido el Presidente del Consejo Nacional para el Desarrollo Econ\u00f3mico y Social, Excmo Sr. Marcelino Owono Edu,Leer m\u00e1s &#8230;<\/p>\n","protected":false},"author":1,"featured_media":10549,"comment_status":"closed","ping_status":"closed","sticky":false,"template":"","format":"standard","meta":{"footnotes":""},"categories":[83,85],"tags":[],"class_list":["post-8897","post","type-post","status-publish","format-standard","has-post-thumbnail","hentry","category-city-news","category-sin-categoria"],"_links":{"self":[{"href":"https:\/\/cndesge.org\/index.php?rest_route=\/wp\/v2\/posts\/8897","targetHints":{"allow":["GET"]}}],"collection":[{"href":"https:\/\/cndesge.org\/index.php?rest_route=\/wp\/v2\/posts"}],"about":[{"href":"https:\/\/cndesge.org\/index.php?rest_route=\/wp\/v2\/types\/post"}],"author":[{"embeddable":true,"href":"https:\/\/cndesge.org\/index.php?rest_route=\/wp\/v2\/users\/1"}],"replies":[{"embeddable":true,"href":"https:\/\/cndesge.org\/index.php?rest_route=%2Fwp%2Fv2%2Fcomments&post=8897"}],"version-history":[{"count":4,"href":"https:\/\/cndesge.org\/index.php?rest_route=\/wp\/v2\/posts\/8897\/revisions"}],"predecessor-version":[{"id":10582,"href":"https:\/\/cndesge.org\/index.php?rest_route=\/wp\/v2\/posts\/8897\/revisions\/10582"}],"wp:featuredmedia":[{"embeddable":true,"href":"https:\/\/cndesge.org\/index.php?rest_route=\/wp\/v2\/media\/10549"}],"wp:attachment":[{"href":"https:\/\/cndesge.org\/index.php?rest_route=%2Fwp%2Fv2%2Fmedia&parent=8897"}],"wp:term":[{"taxonomy":"category","embeddable":true,"href":"https:\/\/cndesge.org\/index.php?rest_route=%2Fwp%2Fv2%2Fcategories&post=8897"},{"taxonomy":"post_tag","embeddable":true,"href":"https:\/\/cndesge.org\/index.php?rest_route=%2Fwp%2Fv2%2Ftags&post=8897"}],"curies":[{"name":"wp","href":"https:\/\/api.w.org\/{rel}","templated":true}]}}