{"id":6443,"date":"2024-09-26T12:14:32","date_gmt":"2024-09-26T12:14:32","guid":{"rendered":"https:\/web\/?p=6443"},"modified":"2025-03-30T14:04:25","modified_gmt":"2025-03-30T14:04:25","slug":"el-cndes-y-el-ministerio-de-la-funcion-publica-reforma-administrativa-y-seguridad-social-se-unen-para-fortalecer-la-gestion-publica-y-garantizar-el-bienestar-de-los-funcionarios","status":"publish","type":"post","link":"https:\/\/cndesge.org\/?p=6443","title":{"rendered":"EL CNDES y el Ministerio de la Funci\u00f3n P\u00fablica, Reforma Administrativa y Seguridad Social se unen para fortalecer la gesti\u00f3n p\u00fablica y garantizar el bienestar de los funcionarios."},"content":{"rendered":"\r\n<p>En una reuni\u00f3n de concertaci\u00f3n realizada el 26 de septiembre, el Consejo Nacional para el Desarrollo Econ\u00f3mico y Social (CNDES) y el Ministerio de la Funci\u00f3n P\u00fablica, Reforma Administrativa y Seguridad Social han dado un paso significativo hacia la modernizaci\u00f3n de la gesti\u00f3n p\u00fablica en nuestro pa\u00eds.<\/p>\r\n\r\n\r\n\r\n<p>El ministro de la Funci\u00f3n Publica Reforma Administrativa y Seguridad Social, present\u00f3 los avances del censo de funcionarios en curso, una herramienta fundamental para actualizar la base de datos del ministerio y combatir pr\u00e1cticas como el absentismo laboral y el doble empleo. Esta iniciativa no solo permitir\u00e1 optimizar los recursos humanos, sino que tambi\u00e9n contribuir\u00e1 a mejorar la eficiencia y la transparencia en la administraci\u00f3n p\u00fablica.<\/p>\r\n\r\n\r\n\r\n<div class=\"wp-block-columns is-layout-flex wp-container-core-columns-is-layout-9d6595d7 wp-block-columns-is-layout-flex\">\r\n<div class=\"wp-block-column is-layout-flow wp-block-column-is-layout-flow\">\r\n<p>Adem\u00e1s, se ha puesto de manifiesto la importancia de la formaci\u00f3n continua de los funcionarios como estrategia para reducir la contrataci\u00f3n de personal externo y garantizar una mayor cualificaci\u00f3n del servicio p\u00fablico. En este sentido, se ha acordado implementar cursos de formaci\u00f3n tanto para los funcionarios en activo como para los futuros empleados. En cuanto a la reestructuraci\u00f3n del Instituto Nacional de Seguridad Social (INSESO), se ha planteado la necesidad de transferir las competencias sanitarias al Ministerio de Salud mientras que las funciones de recaudaci\u00f3n y gesti\u00f3n de pensiones quedar\u00edan bajo la tutela del Ministerio de Funci\u00f3n P\u00fablica.<\/p>\r\n<\/div>\r\n<\/div>\r\n\r\n\r\n\r\n<p>El CNDES ha destacado la importancia de gestionar de manera eficiente los ingresos por pensiones para asegurar el pago de las mismas a las futuras generaciones de funcionarios. Asimismo, se ha expresado la preocupaci\u00f3n por las dificultades que enfrentan los asegurados en cuanto a la cobertura de medicamentos y se ha propuesto la contrataci\u00f3n de una empresa especializada para garantizar un suministro adecuado y oportuno.<\/p>\r\n\r\n\r\n\r\n<p>Esta reuni\u00f3n conjunta entre el CNDES y el Ministerio de Funci\u00f3n P\u00fablica demuestra el compromiso de ambas instituciones por impulsar una gesti\u00f3n p\u00fablica m\u00e1s eficiente, transparente y orientada al ciudadano. Las medidas acordadas permitir\u00e1n fortalecer la administraci\u00f3n p\u00fablica, mejorar la calidad de los servicios y garantizar el bienestar de los funcionarios.<img fetchpriority=\"high\" decoding=\"async\" class=\"alignnone size-medium wp-image-10606\" src=\"https:\/\/cndesge.org\/wp-content\/uploads\/2024\/09\/IMG_7202-300x300.jpeg\" alt=\"\" width=\"300\" height=\"300\" srcset=\"https:\/\/cndesge.org\/wp-content\/uploads\/2024\/09\/IMG_7202-300x300.jpeg 300w, https:\/\/cndesge.org\/wp-content\/uploads\/2024\/09\/IMG_7202-1024x1024.jpeg 1024w, https:\/\/cndesge.org\/wp-content\/uploads\/2024\/09\/IMG_7202-150x150.jpeg 150w, https:\/\/cndesge.org\/wp-content\/uploads\/2024\/09\/IMG_7202-768x767.jpeg 768w, https:\/\/cndesge.org\/wp-content\/uploads\/2024\/09\/IMG_7202-370x370.jpeg 370w, https:\/\/cndesge.org\/wp-content\/uploads\/2024\/09\/IMG_7202-70x70.jpeg 70w, https:\/\/cndesge.org\/wp-content\/uploads\/2024\/09\/IMG_7202-80x80.jpeg 80w, https:\/\/cndesge.org\/wp-content\/uploads\/2024\/09\/IMG_7202-60x60.jpeg 60w, https:\/\/cndesge.org\/wp-content\/uploads\/2024\/09\/IMG_7202-270x270.jpeg 270w, https:\/\/cndesge.org\/wp-content\/uploads\/2024\/09\/IMG_7202-600x600.jpeg 600w, https:\/\/cndesge.org\/wp-content\/uploads\/2024\/09\/IMG_7202-100x100.jpeg 100w, https:\/\/cndesge.org\/wp-content\/uploads\/2024\/09\/IMG_7202.jpeg 1440w\" sizes=\"(max-width: 300px) 100vw, 300px\" \/> <img decoding=\"async\" class=\"alignnone size-medium wp-image-10608\" src=\"https:\/\/cndesge.org\/wp-content\/uploads\/2024\/09\/IMG_7201-300x300.jpeg\" alt=\"\" width=\"300\" height=\"300\" srcset=\"https:\/\/cndesge.org\/wp-content\/uploads\/2024\/09\/IMG_7201-300x300.jpeg 300w, https:\/\/cndesge.org\/wp-content\/uploads\/2024\/09\/IMG_7201-1024x1024.jpeg 1024w, https:\/\/cndesge.org\/wp-content\/uploads\/2024\/09\/IMG_7201-150x150.jpeg 150w, https:\/\/cndesge.org\/wp-content\/uploads\/2024\/09\/IMG_7201-768x768.jpeg 768w, https:\/\/cndesge.org\/wp-content\/uploads\/2024\/09\/IMG_7201-370x370.jpeg 370w, https:\/\/cndesge.org\/wp-content\/uploads\/2024\/09\/IMG_7201-70x70.jpeg 70w, https:\/\/cndesge.org\/wp-content\/uploads\/2024\/09\/IMG_7201-80x80.jpeg 80w, https:\/\/cndesge.org\/wp-content\/uploads\/2024\/09\/IMG_7201-60x60.jpeg 60w, https:\/\/cndesge.org\/wp-content\/uploads\/2024\/09\/IMG_7201-270x270.jpeg 270w, https:\/\/cndesge.org\/wp-content\/uploads\/2024\/09\/IMG_7201-600x600.jpeg 600w, https:\/\/cndesge.org\/wp-content\/uploads\/2024\/09\/IMG_7201-100x100.jpeg 100w, https:\/\/cndesge.org\/wp-content\/uploads\/2024\/09\/IMG_7201.jpeg 1080w\" sizes=\"(max-width: 300px) 100vw, 300px\" \/><\/p>\r\n<p>&nbsp;<\/p>\r\n","protected":false},"excerpt":{"rendered":"<p>En una reuni\u00f3n de concertaci\u00f3n realizada el 26 de septiembre, el Consejo Nacional para el Desarrollo Econ\u00f3mico y Social (CNDES) y el Ministerio de la Funci\u00f3n P\u00fablica, Reforma Administrativa y Seguridad Social han dado un paso significativo hacia la modernizaci\u00f3n de la gesti\u00f3n p\u00fablica en nuestro pa\u00eds. El ministro de la Funci\u00f3n Publica Reforma AdministrativaLeer m\u00e1s &#8230;<\/p>\n","protected":false},"author":1,"featured_media":10605,"comment_status":"closed","ping_status":"closed","sticky":false,"template":"","format":"standard","meta":{"footnotes":""},"categories":[82,83],"tags":[],"class_list":["post-6443","post","type-post","status-publish","format-standard","has-post-thumbnail","hentry","category-bussiness","category-city-news"],"_links":{"self":[{"href":"https:\/\/cndesge.org\/index.php?rest_route=\/wp\/v2\/posts\/6443","targetHints":{"allow":["GET"]}}],"collection":[{"href":"https:\/\/cndesge.org\/index.php?rest_route=\/wp\/v2\/posts"}],"about":[{"href":"https:\/\/cndesge.org\/index.php?rest_route=\/wp\/v2\/types\/post"}],"author":[{"embeddable":true,"href":"https:\/\/cndesge.org\/index.php?rest_route=\/wp\/v2\/users\/1"}],"replies":[{"embeddable":true,"href":"https:\/\/cndesge.org\/index.php?rest_route=%2Fwp%2Fv2%2Fcomments&post=6443"}],"version-history":[{"count":2,"href":"https:\/\/cndesge.org\/index.php?rest_route=\/wp\/v2\/posts\/6443\/revisions"}],"predecessor-version":[{"id":10609,"href":"https:\/\/cndesge.org\/index.php?rest_route=\/wp\/v2\/posts\/6443\/revisions\/10609"}],"wp:featuredmedia":[{"embeddable":true,"href":"https:\/\/cndesge.org\/index.php?rest_route=\/wp\/v2\/media\/10605"}],"wp:attachment":[{"href":"https:\/\/cndesge.org\/index.php?rest_route=%2Fwp%2Fv2%2Fmedia&parent=6443"}],"wp:term":[{"taxonomy":"category","embeddable":true,"href":"https:\/\/cndesge.org\/index.php?rest_route=%2Fwp%2Fv2%2Fcategories&post=6443"},{"taxonomy":"post_tag","embeddable":true,"href":"https:\/\/cndesge.org\/index.php?rest_route=%2Fwp%2Fv2%2Ftags&post=6443"}],"curies":[{"name":"wp","href":"https:\/\/api.w.org\/{rel}","templated":true}]}}