{"id":14312,"date":"2026-04-28T14:50:55","date_gmt":"2026-04-28T14:50:55","guid":{"rendered":"https:\/\/cndesge.org\/?p=14312"},"modified":"2026-04-28T14:51:38","modified_gmt":"2026-04-28T14:51:38","slug":"14312","status":"publish","type":"post","link":"https:\/\/cndesge.org\/?p=14312","title":{"rendered":"Comunicado de duelo por el fallecimiento del Excmo. Sr. D. Pedro Ondo Ngua Bendomo"},"content":{"rendered":"<p class=\"s18\"><span class=\"s19\"><span class=\"bumpedFont15\">Con <\/span><\/span><span class=\"s19\"><span class=\"bumpedFont15\">sumo pesar<\/span><\/span><span class=\"s19\"><span class=\"bumpedFont15\">, <\/span><\/span><span class=\"s19\"><span class=\"bumpedFont15\">el Consejo Nacional para el Desarrollo Econ\u00f3mico y Social <\/span><\/span><span class=\"s19\"><span class=\"bumpedFont15\">comunica <\/span><\/span><span class=\"s19\"><span class=\"bumpedFont15\">la triste <\/span><\/span><span class=\"s19\"><span class=\"bumpedFont15\">noticia del<\/span><\/span> <span class=\"s19\"><span class=\"bumpedFont15\">fallecimiento <\/span><\/span><span class=\"s19\"><span class=\"bumpedFont15\">del <\/span><\/span><span class=\"s16\"><span class=\"bumpedFont15\">Excmo. Sr. D. Pedro ONDO NGUA BENDOMO<\/span><\/span><span class=\"s19\"><span class=\"bumpedFont15\">, quien hace poco era <\/span><\/span><span class=\"s19\"><span class=\"bumpedFont15\">C<\/span><\/span><span class=\"s19\"><span class=\"bumpedFont15\">onsejero <\/span><\/span><span class=\"s19\"><span class=\"bumpedFont15\">J<\/span><\/span><span class=\"s19\"><span class=\"bumpedFont15\">ur\u00eddico, hecho ocurrido esta ma\u00f1ana en el Centro M\u00e9dico La Paz de esta Ciudad, a consecuencia de una enfermedad que ven\u00eda padeciendo.<\/span><\/span><\/p>\n<p class=\"s18\"><span class=\"s19\"><span class=\"bumpedFont15\">El Excmo. Se\u00f1or D<\/span><\/span><span class=\"s19\"><span class=\"bumpedFont15\">. Pedro Ondo NGUA BENDOMO <\/span><\/span><span class=\"s19\"><span class=\"bumpedFont15\">se <\/span><\/span><span class=\"s19\"><span class=\"bumpedFont15\">desempe\u00f1\u00f3 <\/span><\/span><span class=\"s19\"><span class=\"bumpedFont15\">con dedicaci\u00f3n<\/span><\/span><span class=\"s19\"><span class=\"bumpedFont15\">, <\/span><\/span><span class=\"s19\"><span class=\"bumpedFont15\">profesional<\/span><\/span><span class=\"s19\"><span class=\"bumpedFont15\">ismo y calidad humana como Consejero Jur\u00eddico<\/span><\/span><span class=\"s19\"><span class=\"bumpedFont15\"> del Consejo <\/span><\/span><span class=\"s19\"><span class=\"bumpedFont15\">desde <\/span><\/span><span class=\"s19\"><span class=\"bumpedFont15\">el <\/span><\/span><span class=\"s19\"><span class=\"bumpedFont15\">28 de abril <\/span><\/span><span class=\"s19\"><span class=\"bumpedFont15\">2025<\/span><\/span><span class=\"s19\"><span class=\"bumpedFont15\"> dejando una huella imbor<\/span><\/span><span class=\"s19\"><span class=\"bumpedFont15\">rable en nue<\/span><\/span><span class=\"s19\"><span class=\"bumpedFont15\">s<\/span><\/span><span class=\"s19\"><span class=\"bumpedFont15\">tra <\/span><\/span><span class=\"s19\"><span class=\"bumpedFont15\">I<\/span><\/span><span class=\"s19\"><span class=\"bumpedFont15\">nstituci\u00f3n.<\/span><\/span><\/p>\n<p class=\"s18\"><span class=\"s19\"><span class=\"bumpedFont15\">Nos unimos <\/span><\/span><span class=\"s19\"><span class=\"bumpedFont15\">al dolor que embarga a su familia, amigos y seres <\/span><\/span><span class=\"s19\"><span class=\"bumpedFont15\">queridos en este dif\u00edcil momento<\/span><\/span><span class=\"s19\"><span class=\"bumpedFont15\">, expres\u00e1ndoles <\/span><\/span><span class=\"s19\"><span class=\"bumpedFont15\">nuestras m\u00e1s sinceras condolencias<\/span><\/span><span class=\"s19\"><span class=\"bumpedFont15\"> y un abrazo solidario<\/span><\/span><span class=\"s19\"><span class=\"bumpedFont15\">.<\/span><\/span><\/p>\n<blockquote>\n<p class=\"s18\"><span class=\"s19\"><span class=\"bumpedFont15\">Excmo. Se\u00f1or D. Pedro ONDO NGUA B<\/span><\/span><span class=\"s19\"><span class=\"bumpedFont15\">E<\/span><\/span><span class=\"s19\"><span class=\"bumpedFont15\">NDOMO, descanse en Paz.<\/span><\/span><\/p>\n<p class=\"s21\"><span class=\"s19\"><span class=\"bumpedFont15\">Malabo, a 26 de abril del 2026<\/span><\/span><\/p>\n<p class=\"s17\"><span class=\"s16\"><span class=\"bumpedFont15\">POR UNA GUINEA MEJOR<\/span><\/span><\/p>\n<p class=\"s17\"><span class=\"s16\"><span class=\"bumpedFont15\">Marcelino OWONO EDU<\/span><\/span><\/p>\n<p class=\"s22\"><span class=\"s19\"><span class=\"bumpedFont15\">Presidente del Consejo Nacional para el Des<\/span><\/span><span class=\"s19\"><span class=\"bumpedFont15\">a<\/span><\/span><span class=\"s19\"><span class=\"bumpedFont15\">rrollo Econ\u00f3mico y Social.<\/span><\/span><\/p>\n<\/blockquote>\n","protected":false},"excerpt":{"rendered":"<p>Con sumo pesar, el Consejo Nacional para el Desarrollo Econ\u00f3mico y Social comunica la triste noticia del fallecimiento del Excmo. Sr. D. Pedro ONDO NGUA BENDOMO, quien hace poco era Consejero Jur\u00eddico, hecho ocurrido esta ma\u00f1ana en el Centro M\u00e9dico La Paz de esta Ciudad, a consecuencia de una enfermedad que ven\u00eda padeciendo. El Excmo.Leer m\u00e1s &#8230;<\/p>\n","protected":false},"author":1,"featured_media":14313,"comment_status":"closed","ping_status":"closed","sticky":false,"template":"","format":"standard","meta":{"footnotes":""},"categories":[83],"tags":[],"class_list":["post-14312","post","type-post","status-publish","format-standard","has-post-thumbnail","hentry","category-city-news"],"_links":{"self":[{"href":"https:\/\/cndesge.org\/index.php?rest_route=\/wp\/v2\/posts\/14312","targetHints":{"allow":["GET"]}}],"collection":[{"href":"https:\/\/cndesge.org\/index.php?rest_route=\/wp\/v2\/posts"}],"about":[{"href":"https:\/\/cndesge.org\/index.php?rest_route=\/wp\/v2\/types\/post"}],"author":[{"embeddable":true,"href":"https:\/\/cndesge.org\/index.php?rest_route=\/wp\/v2\/users\/1"}],"replies":[{"embeddable":true,"href":"https:\/\/cndesge.org\/index.php?rest_route=%2Fwp%2Fv2%2Fcomments&post=14312"}],"version-history":[{"count":2,"href":"https:\/\/cndesge.org\/index.php?rest_route=\/wp\/v2\/posts\/14312\/revisions"}],"predecessor-version":[{"id":14315,"href":"https:\/\/cndesge.org\/index.php?rest_route=\/wp\/v2\/posts\/14312\/revisions\/14315"}],"wp:featuredmedia":[{"embeddable":true,"href":"https:\/\/cndesge.org\/index.php?rest_route=\/wp\/v2\/media\/14313"}],"wp:attachment":[{"href":"https:\/\/cndesge.org\/index.php?rest_route=%2Fwp%2Fv2%2Fmedia&parent=14312"}],"wp:term":[{"taxonomy":"category","embeddable":true,"href":"https:\/\/cndesge.org\/index.php?rest_route=%2Fwp%2Fv2%2Fcategories&post=14312"},{"taxonomy":"post_tag","embeddable":true,"href":"https:\/\/cndesge.org\/index.php?rest_route=%2Fwp%2Fv2%2Ftags&post=14312"}],"curies":[{"name":"wp","href":"https:\/\/api.w.org\/{rel}","templated":true}]}}