{"id":13225,"date":"2026-01-22T22:25:28","date_gmt":"2026-01-22T22:25:28","guid":{"rendered":"https:\/\/cndesge.org\/?p=13225"},"modified":"2026-01-22T22:26:07","modified_gmt":"2026-01-22T22:26:07","slug":"cndes-y-inege-sostienen-reunion-de-coordinacion-en-el-marco-de-la-elaboracion-de-la-memoria-anual-2025","status":"publish","type":"post","link":"https:\/\/cndesge.org\/?p=13225","title":{"rendered":"CNDES y INEGE sostienen reuni\u00f3n de coordinaci\u00f3n en el marco de la elaboraci\u00f3n de la Memoria Anual 2025."},"content":{"rendered":"<p>El Instituto Nacional de Estad\u00edstica de Guinea Ecuatorial (INEGE) ha comparecido ante el Consejo Nacional para el Desarrollo Econ\u00f3mico y Social (CNDES) para presentar el informe del plan de acci\u00f3n ejecutado durante el ejercicio 2025, en el marco del proceso de recopilaci\u00f3n de informaci\u00f3n para la elaboraci\u00f3n de la Memoria Anual 2025.<\/p>\n<p>Durante su exposici\u00f3n, la instituci\u00f3n dio a conocer las principales dificultades que enfrenta para el cumplimiento de sus objetivos, entre las que destacan la insuficiencia de financiaci\u00f3n para la ejecuci\u00f3n de proyectos estrat\u00e9gicos, la necesidad de crear un fondo nacional para el desarrollo estad\u00edstico, la escasez de recursos humanos cualificados y las limitaciones para llevar a cabo el censo general de poblaci\u00f3n y viviendas.<\/p>\n<p>Esta primera reuni\u00f3n fue presidida por el Vicepresidente Segundo del CNDES, Excmo. Sr. Don. Leoncio Amada Nze Nlang, quien escuch\u00f3 las preocupaciones planteadas por el INEGE y tom\u00f3 nota de los retos estructurales que afectan al sistema estad\u00edstico nacional.<\/p>\n","protected":false},"excerpt":{"rendered":"<p>El Instituto Nacional de Estad\u00edstica de Guinea Ecuatorial (INEGE) ha comparecido ante el Consejo Nacional para el Desarrollo Econ\u00f3mico y Social (CNDES) para presentar el informe del plan de acci\u00f3n ejecutado durante el ejercicio 2025, en el marco del proceso de recopilaci\u00f3n de informaci\u00f3n para la elaboraci\u00f3n de la Memoria Anual 2025. Durante su exposici\u00f3n,Leer m\u00e1s &#8230;<\/p>\n","protected":false},"author":1,"featured_media":13226,"comment_status":"closed","ping_status":"closed","sticky":false,"template":"","format":"standard","meta":{"footnotes":""},"categories":[82,83],"tags":[],"class_list":["post-13225","post","type-post","status-publish","format-standard","has-post-thumbnail","hentry","category-bussiness","category-city-news"],"_links":{"self":[{"href":"https:\/\/cndesge.org\/index.php?rest_route=\/wp\/v2\/posts\/13225","targetHints":{"allow":["GET"]}}],"collection":[{"href":"https:\/\/cndesge.org\/index.php?rest_route=\/wp\/v2\/posts"}],"about":[{"href":"https:\/\/cndesge.org\/index.php?rest_route=\/wp\/v2\/types\/post"}],"author":[{"embeddable":true,"href":"https:\/\/cndesge.org\/index.php?rest_route=\/wp\/v2\/users\/1"}],"replies":[{"embeddable":true,"href":"https:\/\/cndesge.org\/index.php?rest_route=%2Fwp%2Fv2%2Fcomments&post=13225"}],"version-history":[{"count":2,"href":"https:\/\/cndesge.org\/index.php?rest_route=\/wp\/v2\/posts\/13225\/revisions"}],"predecessor-version":[{"id":13228,"href":"https:\/\/cndesge.org\/index.php?rest_route=\/wp\/v2\/posts\/13225\/revisions\/13228"}],"wp:featuredmedia":[{"embeddable":true,"href":"https:\/\/cndesge.org\/index.php?rest_route=\/wp\/v2\/media\/13226"}],"wp:attachment":[{"href":"https:\/\/cndesge.org\/index.php?rest_route=%2Fwp%2Fv2%2Fmedia&parent=13225"}],"wp:term":[{"taxonomy":"category","embeddable":true,"href":"https:\/\/cndesge.org\/index.php?rest_route=%2Fwp%2Fv2%2Fcategories&post=13225"},{"taxonomy":"post_tag","embeddable":true,"href":"https:\/\/cndesge.org\/index.php?rest_route=%2Fwp%2Fv2%2Ftags&post=13225"}],"curies":[{"name":"wp","href":"https:\/\/api.w.org\/{rel}","templated":true}]}}