{"id":13215,"date":"2026-01-22T21:55:10","date_gmt":"2026-01-22T21:55:10","guid":{"rendered":"https:\/\/cndesge.org\/?p=13215"},"modified":"2026-01-22T21:55:10","modified_gmt":"2026-01-22T21:55:10","slug":"reunion-de-concertacion-entre-el-cndes-y-el-inpage-para-la-memoria-anual-2025","status":"publish","type":"post","link":"https:\/\/cndesge.org\/?p=13215","title":{"rendered":"Reuni\u00f3n de concertaci\u00f3n entre el CNDES y el INPAGE para la Memoria Anual 2025"},"content":{"rendered":"<p>El Instituto Nacional de Promoci\u00f3n Agropecuaria (INPAGE) ha mantenido una reuni\u00f3n de trabajo con el Consejo Nacional para el Desarrollo Econ\u00f3mico y Social (CNDES), en la que expuso los graves problemas que atraviesa actualmente la instituci\u00f3n, en el marco de los trabajos de elaboraci\u00f3n de la Memoria Anual 2025.<\/p>\n<p>Durante el encuentro, el director general de IMPAGE destac\u00f3 la p\u00e9rdida significativa de producci\u00f3n como consecuencia de la falta de mercado para los productos agropecuarios. Asimismo, inform\u00f3 que la instituci\u00f3n no recibe subvenci\u00f3n estatal desde el a\u00f1o 2021, situaci\u00f3n que ha afectado de manera considerable a su funcionamiento operativo y financiero.<\/p>\n<p>En la reuni\u00f3n tambi\u00e9n se subray\u00f3 la necesidad urgente de formar t\u00e9cnicos cualificados en el sector agropecuario y se analiz\u00f3 la posibilidad de transformar IMPAGE en un ente industrial con autonom\u00eda administrativa y financiera, como v\u00eda para garantizar su sostenibilidad y eficiencia.<\/p>\n<p>Este segundo encuentro fue presidido por el Excmo. Sr. Don. Estanislao Don Malavo, miembro del CNDES responsable del sector productivo.<\/p>\n","protected":false},"excerpt":{"rendered":"<p>El Instituto Nacional de Promoci\u00f3n Agropecuaria (INPAGE) ha mantenido una reuni\u00f3n de trabajo con el Consejo Nacional para el Desarrollo Econ\u00f3mico y Social (CNDES), en la que expuso los graves problemas que atraviesa actualmente la instituci\u00f3n, en el marco de los trabajos de elaboraci\u00f3n de la Memoria Anual 2025. Durante el encuentro, el director generalLeer m\u00e1s &#8230;<\/p>\n","protected":false},"author":1,"featured_media":13216,"comment_status":"closed","ping_status":"closed","sticky":false,"template":"","format":"standard","meta":{"footnotes":""},"categories":[82,83],"tags":[],"class_list":["post-13215","post","type-post","status-publish","format-standard","has-post-thumbnail","hentry","category-bussiness","category-city-news"],"_links":{"self":[{"href":"https:\/\/cndesge.org\/index.php?rest_route=\/wp\/v2\/posts\/13215","targetHints":{"allow":["GET"]}}],"collection":[{"href":"https:\/\/cndesge.org\/index.php?rest_route=\/wp\/v2\/posts"}],"about":[{"href":"https:\/\/cndesge.org\/index.php?rest_route=\/wp\/v2\/types\/post"}],"author":[{"embeddable":true,"href":"https:\/\/cndesge.org\/index.php?rest_route=\/wp\/v2\/users\/1"}],"replies":[{"embeddable":true,"href":"https:\/\/cndesge.org\/index.php?rest_route=%2Fwp%2Fv2%2Fcomments&post=13215"}],"version-history":[{"count":1,"href":"https:\/\/cndesge.org\/index.php?rest_route=\/wp\/v2\/posts\/13215\/revisions"}],"predecessor-version":[{"id":13217,"href":"https:\/\/cndesge.org\/index.php?rest_route=\/wp\/v2\/posts\/13215\/revisions\/13217"}],"wp:featuredmedia":[{"embeddable":true,"href":"https:\/\/cndesge.org\/index.php?rest_route=\/wp\/v2\/media\/13216"}],"wp:attachment":[{"href":"https:\/\/cndesge.org\/index.php?rest_route=%2Fwp%2Fv2%2Fmedia&parent=13215"}],"wp:term":[{"taxonomy":"category","embeddable":true,"href":"https:\/\/cndesge.org\/index.php?rest_route=%2Fwp%2Fv2%2Fcategories&post=13215"},{"taxonomy":"post_tag","embeddable":true,"href":"https:\/\/cndesge.org\/index.php?rest_route=%2Fwp%2Fv2%2Ftags&post=13215"}],"curies":[{"name":"wp","href":"https:\/\/api.w.org\/{rel}","templated":true}]}}