{"id":13209,"date":"2026-01-21T19:15:38","date_gmt":"2026-01-21T19:15:38","guid":{"rendered":"https:\/\/cndesge.org\/?p=13209"},"modified":"2026-01-21T19:33:19","modified_gmt":"2026-01-21T19:33:19","slug":"el-cndes-se-reune-con-el-ballet-nacional-ceiba-para-abordar-desafios-culturales","status":"publish","type":"post","link":"https:\/\/cndesge.org\/?p=13209","title":{"rendered":"El CNDES se re\u00fane con el Ballet Nacional Ceiba para abordar desaf\u00edos culturales."},"content":{"rendered":"<p>El Consejo Nacional para el Desarrollo Econ\u00f3mico y Social (CNDES) ha mantenido una reuni\u00f3n de concertaci\u00f3n con el Ballet Nacional \u201cCeiba\u201d, en el marco del proceso de recopilaci\u00f3n de informaci\u00f3n para la elaboraci\u00f3n de la Memoria Anual 2025.<\/p>\n<p>La sesi\u00f3n fue presidida por el Excmo. Sr. Don Carlos Dami\u00e1n Baka Eboro, Miembro del CNDES encargado del sector cultural.<\/p>\n<p>El Ballet Nacional \u201cCeiba\u201d, por su parte, estuvo representado por su Director General, Sr. Don. Salvador Asama Asama.<\/p>\n<blockquote><p>Durante el encuentro, la delegaci\u00f3n del Ballet Nacional \u201cCeiba\u201d expuso los principales desaf\u00edos que enfrenta la compa\u00f1\u00eda, destacando la ausencia de un estatuto y de una estructura interna definida, las limitaciones de financiaci\u00f3n, la necesidad de crear escuelas de danza en las regiones insular y continental, as\u00ed como la falta de autonom\u00eda administrativa y operativa.<\/p><\/blockquote>\n<p>Asimismo, el Ballet Nacional \u201cCeiba\u201d present\u00f3 un informe de gastos correspondiente al periodo 2020\u20132025, y se abord\u00f3 la importancia de reforzar la cooperaci\u00f3n cultural con los grupos \u00e9tnicos de la subregi\u00f3n como v\u00eda para la preservaci\u00f3n y promoci\u00f3n del patrimonio cultural nacional.<\/p>\n","protected":false},"excerpt":{"rendered":"<p>El Consejo Nacional para el Desarrollo Econ\u00f3mico y Social (CNDES) ha mantenido una reuni\u00f3n de concertaci\u00f3n con el Ballet Nacional \u201cCeiba\u201d, en el marco del proceso de recopilaci\u00f3n de informaci\u00f3n para la elaboraci\u00f3n de la Memoria Anual 2025. La sesi\u00f3n fue presidida por el Excmo. Sr. Don Carlos Dami\u00e1n Baka Eboro, Miembro del CNDES encargadoLeer m\u00e1s &#8230;<\/p>\n","protected":false},"author":1,"featured_media":13214,"comment_status":"closed","ping_status":"closed","sticky":false,"template":"","format":"standard","meta":{"footnotes":""},"categories":[82,83],"tags":[],"class_list":["post-13209","post","type-post","status-publish","format-standard","has-post-thumbnail","hentry","category-bussiness","category-city-news"],"_links":{"self":[{"href":"https:\/\/cndesge.org\/index.php?rest_route=\/wp\/v2\/posts\/13209","targetHints":{"allow":["GET"]}}],"collection":[{"href":"https:\/\/cndesge.org\/index.php?rest_route=\/wp\/v2\/posts"}],"about":[{"href":"https:\/\/cndesge.org\/index.php?rest_route=\/wp\/v2\/types\/post"}],"author":[{"embeddable":true,"href":"https:\/\/cndesge.org\/index.php?rest_route=\/wp\/v2\/users\/1"}],"replies":[{"embeddable":true,"href":"https:\/\/cndesge.org\/index.php?rest_route=%2Fwp%2Fv2%2Fcomments&post=13209"}],"version-history":[{"count":2,"href":"https:\/\/cndesge.org\/index.php?rest_route=\/wp\/v2\/posts\/13209\/revisions"}],"predecessor-version":[{"id":13213,"href":"https:\/\/cndesge.org\/index.php?rest_route=\/wp\/v2\/posts\/13209\/revisions\/13213"}],"wp:featuredmedia":[{"embeddable":true,"href":"https:\/\/cndesge.org\/index.php?rest_route=\/wp\/v2\/media\/13214"}],"wp:attachment":[{"href":"https:\/\/cndesge.org\/index.php?rest_route=%2Fwp%2Fv2%2Fmedia&parent=13209"}],"wp:term":[{"taxonomy":"category","embeddable":true,"href":"https:\/\/cndesge.org\/index.php?rest_route=%2Fwp%2Fv2%2Fcategories&post=13209"},{"taxonomy":"post_tag","embeddable":true,"href":"https:\/\/cndesge.org\/index.php?rest_route=%2Fwp%2Fv2%2Ftags&post=13209"}],"curies":[{"name":"wp","href":"https:\/\/api.w.org\/{rel}","templated":true}]}}