{"id":13157,"date":"2026-01-16T16:46:22","date_gmt":"2026-01-16T16:46:22","guid":{"rendered":"https:\/\/cndesge.org\/?p=13157"},"modified":"2026-01-20T16:47:54","modified_gmt":"2026-01-20T16:47:54","slug":"el-cndes-analiza-el-plan-de-accion-y-los-programas-formativos-del-inap-para-la-memoria-anual-2025","status":"publish","type":"post","link":"https:\/\/cndesge.org\/?p=13157","title":{"rendered":"El CNDES analiza el plan de acci\u00f3n y los programas formativos del INAP para la Memoria Anual 2025"},"content":{"rendered":"<p>Como parte de las reuniones de concertaci\u00f3n institucionales enmarcadas en la elaboraci\u00f3n de la Memoria Anual 2025, el Consejo Nacional para el Desarrollo Econ\u00f3mico y Social (CNDES) ha celebrado un encuentro de trabajo con el Instituto Nacional de Administraci\u00f3n P\u00fablica (INAP).<\/p>\n<p>La reuni\u00f3n estuvo centrada en el an\u00e1lisis del plan general de acci\u00f3n del INAP y su grado de ejecuci\u00f3n durante el ejercicio 2025. En este sentido, se abordaron los programas de formaci\u00f3n dirigidos al personal de la administraci\u00f3n p\u00fablica, su nivel de efectividad y las dificultades existentes para la aplicaci\u00f3n pr\u00e1ctica de los conocimientos adquiridos.<\/p>\n<p>Asimismo, se analizaron aspectos relacionados con las infraestructuras del instituto, los recursos disponibles, la financiaci\u00f3n de las acciones formativas y la distribuci\u00f3n territorial de los programas de capacitaci\u00f3n, con el objetivo de identificar oportunidades de mejora que contribuyan al fortalecimiento de la administraci\u00f3n p\u00fablica.<\/p>\n<p>Este encuentro se inscribe en el proceso de recopilaci\u00f3n de informaci\u00f3n sectorial que permitir\u00e1 al CNDES asesorar y formular propuestas en el informe final de la Memoria Anual 2025.<\/p>\n<p>La reuni\u00f3n fue presidida por el miembro del CNDES, Excmo. Sr. Don. Eduardo Orobiyi Lajay, responsable del sector social en materia de salud.<\/p>\n","protected":false},"excerpt":{"rendered":"<p>Como parte de las reuniones de concertaci\u00f3n institucionales enmarcadas en la elaboraci\u00f3n de la Memoria Anual 2025, el Consejo Nacional para el Desarrollo Econ\u00f3mico y Social (CNDES) ha celebrado un encuentro de trabajo con el Instituto Nacional de Administraci\u00f3n P\u00fablica (INAP). La reuni\u00f3n estuvo centrada en el an\u00e1lisis del plan general de acci\u00f3n del INAPLeer m\u00e1s &#8230;<\/p>\n","protected":false},"author":1,"featured_media":13158,"comment_status":"closed","ping_status":"closed","sticky":false,"template":"","format":"standard","meta":{"footnotes":""},"categories":[82,83],"tags":[],"class_list":["post-13157","post","type-post","status-publish","format-standard","has-post-thumbnail","hentry","category-bussiness","category-city-news"],"_links":{"self":[{"href":"https:\/\/cndesge.org\/index.php?rest_route=\/wp\/v2\/posts\/13157","targetHints":{"allow":["GET"]}}],"collection":[{"href":"https:\/\/cndesge.org\/index.php?rest_route=\/wp\/v2\/posts"}],"about":[{"href":"https:\/\/cndesge.org\/index.php?rest_route=\/wp\/v2\/types\/post"}],"author":[{"embeddable":true,"href":"https:\/\/cndesge.org\/index.php?rest_route=\/wp\/v2\/users\/1"}],"replies":[{"embeddable":true,"href":"https:\/\/cndesge.org\/index.php?rest_route=%2Fwp%2Fv2%2Fcomments&post=13157"}],"version-history":[{"count":1,"href":"https:\/\/cndesge.org\/index.php?rest_route=\/wp\/v2\/posts\/13157\/revisions"}],"predecessor-version":[{"id":13159,"href":"https:\/\/cndesge.org\/index.php?rest_route=\/wp\/v2\/posts\/13157\/revisions\/13159"}],"wp:featuredmedia":[{"embeddable":true,"href":"https:\/\/cndesge.org\/index.php?rest_route=\/wp\/v2\/media\/13158"}],"wp:attachment":[{"href":"https:\/\/cndesge.org\/index.php?rest_route=%2Fwp%2Fv2%2Fmedia&parent=13157"}],"wp:term":[{"taxonomy":"category","embeddable":true,"href":"https:\/\/cndesge.org\/index.php?rest_route=%2Fwp%2Fv2%2Fcategories&post=13157"},{"taxonomy":"post_tag","embeddable":true,"href":"https:\/\/cndesge.org\/index.php?rest_route=%2Fwp%2Fv2%2Ftags&post=13157"}],"curies":[{"name":"wp","href":"https:\/\/api.w.org\/{rel}","templated":true}]}}