{"id":13145,"date":"2026-01-19T16:36:39","date_gmt":"2026-01-19T16:36:39","guid":{"rendered":"https:\/\/cndesge.org\/?p=13145"},"modified":"2026-01-20T16:39:05","modified_gmt":"2026-01-20T16:39:05","slug":"tradex-expone-su-plan-de-accion-2025-y-su-desempeno-operativo-ante-el-cndes","status":"publish","type":"post","link":"https:\/\/cndesge.org\/?p=13145","title":{"rendered":"TRADEX expone su plan de acci\u00f3n 2025 y su desempe\u00f1o operativo ante el CNDES"},"content":{"rendered":"<p>En el contexto de la elaboraci\u00f3n de la Memoria Anual 2025, el Consejo Nacional para el Desarrollo Econ\u00f3mico y Social (CNDES) ha celebrado una reuni\u00f3n de concertaci\u00f3n institucional con la empresa TRADEX.<\/p>\n<p>La compa\u00f1\u00eda, representada por su Director Financiero, Patric Tchetgen, present\u00f3 su plan de acci\u00f3n para el a\u00f1o 2025, as\u00ed como el informe general de operaciones en Guinea Ecuatorial, con un an\u00e1lisis comparativo del desempe\u00f1o 2025\u20132024.<\/p>\n<p>Durante la sesi\u00f3n, TRADEX expuso informaci\u00f3n relativa al abastecimiento nacional de combustibles, la infraestructura log\u00edstica disponible, los sistemas de seguridad y control de calidad, la estructura de precios y la regulaci\u00f3n del mercado interno, as\u00ed como el suministro a sectores prioritarios.<\/p>\n<p>La presentaci\u00f3n incluy\u00f3 adem\u00e1s aspectos vinculados a la colaboraci\u00f3n con GEPETROL y SONAGAS, la gesti\u00f3n ambiental y de residuos, y las proyecciones comerciales de la empresa a corto y medio plazo.<\/p>\n<p>La reuni\u00f3n se desarroll\u00f3 bajo la moderaci\u00f3n del Excmo. Sr. Leoncio Amada Nze Nlang, Vicepresidente Segundo del CNDES, como parte de los trabajos de an\u00e1lisis sectorial orientados a fortalecer la planificaci\u00f3n y la toma de decisiones estrat\u00e9gicas.<\/p>\n","protected":false},"excerpt":{"rendered":"<p>En el contexto de la elaboraci\u00f3n de la Memoria Anual 2025, el Consejo Nacional para el Desarrollo Econ\u00f3mico y Social (CNDES) ha celebrado una reuni\u00f3n de concertaci\u00f3n institucional con la empresa TRADEX. La compa\u00f1\u00eda, representada por su Director Financiero, Patric Tchetgen, present\u00f3 su plan de acci\u00f3n para el a\u00f1o 2025, as\u00ed como el informe generalLeer m\u00e1s &#8230;<\/p>\n","protected":false},"author":1,"featured_media":13146,"comment_status":"closed","ping_status":"closed","sticky":false,"template":"","format":"standard","meta":{"footnotes":""},"categories":[82,83],"tags":[],"class_list":["post-13145","post","type-post","status-publish","format-standard","has-post-thumbnail","hentry","category-bussiness","category-city-news"],"_links":{"self":[{"href":"https:\/\/cndesge.org\/index.php?rest_route=\/wp\/v2\/posts\/13145","targetHints":{"allow":["GET"]}}],"collection":[{"href":"https:\/\/cndesge.org\/index.php?rest_route=\/wp\/v2\/posts"}],"about":[{"href":"https:\/\/cndesge.org\/index.php?rest_route=\/wp\/v2\/types\/post"}],"author":[{"embeddable":true,"href":"https:\/\/cndesge.org\/index.php?rest_route=\/wp\/v2\/users\/1"}],"replies":[{"embeddable":true,"href":"https:\/\/cndesge.org\/index.php?rest_route=%2Fwp%2Fv2%2Fcomments&post=13145"}],"version-history":[{"count":2,"href":"https:\/\/cndesge.org\/index.php?rest_route=\/wp\/v2\/posts\/13145\/revisions"}],"predecessor-version":[{"id":13148,"href":"https:\/\/cndesge.org\/index.php?rest_route=\/wp\/v2\/posts\/13145\/revisions\/13148"}],"wp:featuredmedia":[{"embeddable":true,"href":"https:\/\/cndesge.org\/index.php?rest_route=\/wp\/v2\/media\/13146"}],"wp:attachment":[{"href":"https:\/\/cndesge.org\/index.php?rest_route=%2Fwp%2Fv2%2Fmedia&parent=13145"}],"wp:term":[{"taxonomy":"category","embeddable":true,"href":"https:\/\/cndesge.org\/index.php?rest_route=%2Fwp%2Fv2%2Fcategories&post=13145"},{"taxonomy":"post_tag","embeddable":true,"href":"https:\/\/cndesge.org\/index.php?rest_route=%2Fwp%2Fv2%2Ftags&post=13145"}],"curies":[{"name":"wp","href":"https:\/\/api.w.org\/{rel}","templated":true}]}}