{"id":13102,"date":"2026-01-13T20:36:55","date_gmt":"2026-01-13T20:36:55","guid":{"rendered":"https:\/\/cndesge.org\/?p=13102"},"modified":"2026-01-13T20:38:15","modified_gmt":"2026-01-13T20:38:15","slug":"el-consejo-nacional-para-el-desarrollo-economico-y-social-cndes-ha-mantenido-una-reunion-de-concertacion-con-el-ministerio-de-aviacion-civil-e-infraestructuras-aeroportuarias-en-el-marco-de-los-pre","status":"publish","type":"post","link":"https:\/\/cndesge.org\/?p=13102","title":{"rendered":"El Consejo Nacional para el Desarrollo Econ\u00f3mico y Social  (CNDES) ha mantenido una reuni\u00f3n de concertaci\u00f3n con el Ministerio de Aviaci\u00f3n Civil e Infraestructuras Aeroportuarias en el marco de los preparativos de la Elaboraci\u00f3n de la Memoria Anual 2025."},"content":{"rendered":"<p>El Vicepresidente Segundo del Consejo Nacional para el Desarrollo Econ\u00f3mico y Social (CNDES) , Excmo. Sr. Leoncio Amada Nze Nlang ha presidido una reuni\u00f3n de concertaci\u00f3n con el Ministerio de Aviaci\u00f3n Civil e Infraestructuras Aeroportuarias, encabezado por el Excmo. Sr. Norberto Bartolom\u00e9 Monsuy Ma\u00f1e Andeme, titular de la cartera.<\/p>\n<blockquote><p>El encuentro se ha celebrado en el marco de la elaboraci\u00f3n de la Memoria Anual 2025 del CNDES, con el objetivo de analizar la situaci\u00f3n actual del sector de la aviaci\u00f3n civil y evaluar los avances en la ejecuci\u00f3n de las pol\u00edticas p\u00fablicas vinculadas al transporte a\u00e9reo y las infraestructuras aeroportuarias.<\/p><\/blockquote>\n<p>Durante la sesi\u00f3n se abordaron, entre otros aspectos, el tr\u00e1fico a\u00e9reo nacional e internacional, las mejoras en infraestructuras y servicios aeroportuarios, la seguridad a\u00e9rea, la operacionalizaci\u00f3n de nuevos aeropuertos y la recuperaci\u00f3n de la aerol\u00ednea nacional CEIBA.<\/p>\n<p>Esta reuni\u00f3n se inscribe igualmente en el mandato legal del CNDES, establecido en el art\u00edculo 113, inciso 3, de la Ley Fundamental, que faculta al Consejo a realizar el seguimiento de las decisiones del Gobierno en materia econ\u00f3mica y social.<\/p>\n<p>&nbsp;<\/p>\n","protected":false},"excerpt":{"rendered":"<p>El Vicepresidente Segundo del Consejo Nacional para el Desarrollo Econ\u00f3mico y Social (CNDES) , Excmo. Sr. Leoncio Amada Nze Nlang ha presidido una reuni\u00f3n de concertaci\u00f3n con el Ministerio de Aviaci\u00f3n Civil e Infraestructuras Aeroportuarias, encabezado por el Excmo. Sr. Norberto Bartolom\u00e9 Monsuy Ma\u00f1e Andeme, titular de la cartera. El encuentro se ha celebrado enLeer m\u00e1s &#8230;<\/p>\n","protected":false},"author":1,"featured_media":13103,"comment_status":"closed","ping_status":"closed","sticky":false,"template":"","format":"standard","meta":{"footnotes":""},"categories":[83],"tags":[],"class_list":["post-13102","post","type-post","status-publish","format-standard","has-post-thumbnail","hentry","category-city-news"],"_links":{"self":[{"href":"https:\/\/cndesge.org\/index.php?rest_route=\/wp\/v2\/posts\/13102","targetHints":{"allow":["GET"]}}],"collection":[{"href":"https:\/\/cndesge.org\/index.php?rest_route=\/wp\/v2\/posts"}],"about":[{"href":"https:\/\/cndesge.org\/index.php?rest_route=\/wp\/v2\/types\/post"}],"author":[{"embeddable":true,"href":"https:\/\/cndesge.org\/index.php?rest_route=\/wp\/v2\/users\/1"}],"replies":[{"embeddable":true,"href":"https:\/\/cndesge.org\/index.php?rest_route=%2Fwp%2Fv2%2Fcomments&post=13102"}],"version-history":[{"count":2,"href":"https:\/\/cndesge.org\/index.php?rest_route=\/wp\/v2\/posts\/13102\/revisions"}],"predecessor-version":[{"id":13105,"href":"https:\/\/cndesge.org\/index.php?rest_route=\/wp\/v2\/posts\/13102\/revisions\/13105"}],"wp:featuredmedia":[{"embeddable":true,"href":"https:\/\/cndesge.org\/index.php?rest_route=\/wp\/v2\/media\/13103"}],"wp:attachment":[{"href":"https:\/\/cndesge.org\/index.php?rest_route=%2Fwp%2Fv2%2Fmedia&parent=13102"}],"wp:term":[{"taxonomy":"category","embeddable":true,"href":"https:\/\/cndesge.org\/index.php?rest_route=%2Fwp%2Fv2%2Fcategories&post=13102"},{"taxonomy":"post_tag","embeddable":true,"href":"https:\/\/cndesge.org\/index.php?rest_route=%2Fwp%2Fv2%2Ftags&post=13102"}],"curies":[{"name":"wp","href":"https:\/\/api.w.org\/{rel}","templated":true}]}}