{"id":13052,"date":"2026-01-09T19:15:51","date_gmt":"2026-01-09T19:15:51","guid":{"rendered":"https:\/\/cndesge.org\/?p=13052"},"modified":"2026-01-12T11:47:42","modified_gmt":"2026-01-12T11:47:42","slug":"el-consejo-nacional-para-el-desarrollo-economico-y-social-celebra-una-reunion-de-concertacion-con-las-subcomisiones-encargadas-la-organizacion-de-la-segunda-edicion-de-las-proximas-jornadas-de-reflexi","status":"publish","type":"post","link":"https:\/\/cndesge.org\/?p=13052","title":{"rendered":"El CNDES celebra una reuni\u00f3n de concertaci\u00f3n con las subcomisiones encargadas de la organizaci\u00f3n de la segunda edici\u00f3n de las  pr\u00f3ximas JORNADEIS."},"content":{"rendered":"\t\t<div data-elementor-type=\"wp-post\" data-elementor-id=\"13052\" class=\"elementor elementor-13052\">\n\t\t\t\t<div class=\"elementor-element elementor-element-4b394a92 e-flex e-con-boxed e-con e-parent\" data-id=\"4b394a92\" data-element_type=\"container\" data-e-type=\"container\">\n\t\t\t\t\t<div class=\"e-con-inner\">\n\t\t\t\t<div class=\"elementor-element elementor-element-25dcfea7 elementor-widget elementor-widget-text-editor\" data-id=\"25dcfea7\" data-element_type=\"widget\" data-e-type=\"widget\" data-widget_type=\"text-editor.default\">\n\t\t\t\t<div class=\"elementor-widget-container\">\n\t\t\t\t\t\t\t\t\t<p>El Consejo Nacional para el Desarrollo Econ\u00f3mico y Social (CNDES) ha celebrado ayer jueves, en su sede, una reuni\u00f3n de concertaci\u00f3n con todas las subcomisiones, con el objetivo de coordinar y avanzar en la organizaci\u00f3n de las pr\u00f3ximas Jornadas de Reflexi\u00f3n sobre Diversificaci\u00f3n Econ\u00f3mica e Inclusi\u00f3n Social.<\/p><p>La reuni\u00f3n, presidida por el Excmo. Sr. Leoncio Amada Nze Nlang, Vicepresidente Segundo del CNDES, reuni\u00f3 a los responsables de las diferentes subcomisiones con el fin de analizar y consensuar los aspectos organizativos de las segundas Jornadas de Reflexi\u00f3n sobre Diversificaci\u00f3n Econ\u00f3mica e Inclusi\u00f3n Social.<\/p><p>Durante la sesi\u00f3n, se procedi\u00f3 en primer lugar a la lectura del informe de la \u00faltima reuni\u00f3n, en la que todas las subcomisiones hab\u00edan sido previamente invitadas a participar. Posteriormente, se present\u00f3 el borrador de los cinco paneles tem\u00e1ticos propuestos para ser abordados durante las pr\u00f3ximas jornadas, los cuales servir\u00e1n de base para el debate y la reflexi\u00f3n colectiva.<\/p><p>Tras finalizar la presentaci\u00f3n de dicho borrador, el Vicepresidente Segundo cedi\u00f3 la palabra a los representantes de las distintas subcomisiones, quienes intervinieron de manera consecutiva para exponer sus observaciones, sugerencias y aportaciones en relaci\u00f3n con el contenido y el enfoque de cada uno de los paneles presentados por los responsables de las subcomisiones correspondientes.<\/p><p>Las intervenciones permitieron enriquecer el an\u00e1lisis de los temas propuestos y avanzar hacia una organizaci\u00f3n m\u00e1s participativa y consensuada de las Jornadas de Reflexi\u00f3n sobre Diversificaci\u00f3n Econ\u00f3mica e Inclusi\u00f3n Social, reafirmando el compromiso del CNDES con el di\u00e1logo, la concertaci\u00f3n y la contribuci\u00f3n colectiva al desarrollo econ\u00f3mico y social del pa\u00eds.<\/p><p>Finalmente, se inform\u00f3 de que las reuniones de concertaci\u00f3n continuar\u00e1n en los pr\u00f3ximos d\u00edas, con el fin de dar seguimiento a los trabajos preparatorios. En este sentido, el Vicepresidente Segundo del CNDES exhort\u00f3 a todas las subcomisiones a seguir avanzando en sus respectivos trabajos y a presentar progresos concretos, teniendo en cuenta la proximidad de la fecha de celebraci\u00f3n del evento, lo que hace necesario redoblar los esfuerzos de coordinaci\u00f3n y planificaci\u00f3n.<\/p>\t\t\t\t\t\t\t\t<\/div>\n\t\t\t\t<\/div>\n\t\t\t\t\t<\/div>\n\t\t\t\t<\/div>\n\t\t<div class=\"elementor-element elementor-element-3cdbe63 e-flex e-con-boxed e-con e-parent\" data-id=\"3cdbe63\" data-element_type=\"container\" data-e-type=\"container\">\n\t\t\t\t\t<div class=\"e-con-inner\">\n\t\t\t\t<div class=\"elementor-element elementor-element-0a72c0a elementor-arrows-position-inside elementor-widget elementor-widget-image-carousel\" data-id=\"0a72c0a\" data-element_type=\"widget\" data-e-type=\"widget\" data-settings=\"{&quot;navigation&quot;:&quot;arrows&quot;,&quot;slides_to_show&quot;:&quot;1&quot;,&quot;autoplay&quot;:&quot;yes&quot;,&quot;pause_on_hover&quot;:&quot;yes&quot;,&quot;pause_on_interaction&quot;:&quot;yes&quot;,&quot;autoplay_speed&quot;:5000,&quot;infinite&quot;:&quot;yes&quot;,&quot;effect&quot;:&quot;slide&quot;,&quot;speed&quot;:500}\" data-widget_type=\"image-carousel.default\">\n\t\t\t\t<div class=\"elementor-widget-container\">\n\t\t\t\t\t\t\t<div class=\"elementor-image-carousel-wrapper swiper\" role=\"region\" aria-roledescription=\"carousel\" aria-label=\"Carrusel de im\u00e1genes\" dir=\"ltr\">\n\t\t\t<div class=\"elementor-image-carousel swiper-wrapper\" aria-live=\"off\">\n\t\t\t\t\t\t\t\t<div class=\"swiper-slide\" role=\"group\" aria-roledescription=\"slide\" aria-label=\"1 de 12\"><figure class=\"swiper-slide-inner\"><img decoding=\"async\" class=\"swiper-slide-image\" src=\"https:\/\/cndesge.org\/wp-content\/uploads\/2026\/01\/IMG_5189.jpeg\" alt=\"IMG_5189\" \/><\/figure><\/div><div class=\"swiper-slide\" role=\"group\" aria-roledescription=\"slide\" aria-label=\"2 de 12\"><figure class=\"swiper-slide-inner\"><img decoding=\"async\" class=\"swiper-slide-image\" src=\"https:\/\/cndesge.org\/wp-content\/uploads\/2026\/01\/IMG_5191.jpeg\" alt=\"IMG_5191\" \/><\/figure><\/div><div class=\"swiper-slide\" role=\"group\" aria-roledescription=\"slide\" aria-label=\"3 de 12\"><figure class=\"swiper-slide-inner\"><img decoding=\"async\" class=\"swiper-slide-image\" src=\"https:\/\/cndesge.org\/wp-content\/uploads\/2026\/01\/IMG_5184.jpeg\" alt=\"IMG_5184\" \/><\/figure><\/div><div class=\"swiper-slide\" role=\"group\" aria-roledescription=\"slide\" aria-label=\"4 de 12\"><figure class=\"swiper-slide-inner\"><img decoding=\"async\" class=\"swiper-slide-image\" src=\"https:\/\/cndesge.org\/wp-content\/uploads\/2026\/01\/IMG_5181.jpeg\" alt=\"IMG_5181\" \/><\/figure><\/div><div class=\"swiper-slide\" role=\"group\" aria-roledescription=\"slide\" aria-label=\"5 de 12\"><figure class=\"swiper-slide-inner\"><img decoding=\"async\" class=\"swiper-slide-image\" src=\"https:\/\/cndesge.org\/wp-content\/uploads\/2026\/01\/IMG_5182.jpeg\" alt=\"IMG_5182\" \/><\/figure><\/div><div class=\"swiper-slide\" role=\"group\" aria-roledescription=\"slide\" aria-label=\"6 de 12\"><figure class=\"swiper-slide-inner\"><img decoding=\"async\" class=\"swiper-slide-image\" src=\"https:\/\/cndesge.org\/wp-content\/uploads\/2026\/01\/IMG_5179.jpeg\" alt=\"IMG_5179\" \/><\/figure><\/div><div class=\"swiper-slide\" role=\"group\" aria-roledescription=\"slide\" aria-label=\"7 de 12\"><figure class=\"swiper-slide-inner\"><img decoding=\"async\" class=\"swiper-slide-image\" src=\"https:\/\/cndesge.org\/wp-content\/uploads\/2026\/01\/IMG_5178.jpeg\" alt=\"IMG_5178\" \/><\/figure><\/div><div class=\"swiper-slide\" role=\"group\" aria-roledescription=\"slide\" aria-label=\"8 de 12\"><figure class=\"swiper-slide-inner\"><img decoding=\"async\" class=\"swiper-slide-image\" src=\"https:\/\/cndesge.org\/wp-content\/uploads\/2026\/01\/IMG_5180.jpeg\" alt=\"IMG_5180\" \/><\/figure><\/div><div class=\"swiper-slide\" role=\"group\" aria-roledescription=\"slide\" aria-label=\"9 de 12\"><figure class=\"swiper-slide-inner\"><img decoding=\"async\" class=\"swiper-slide-image\" src=\"https:\/\/cndesge.org\/wp-content\/uploads\/2026\/01\/IMG_5183.jpeg\" alt=\"IMG_5183\" \/><\/figure><\/div><div class=\"swiper-slide\" role=\"group\" aria-roledescription=\"slide\" aria-label=\"10 de 12\"><figure class=\"swiper-slide-inner\"><img decoding=\"async\" class=\"swiper-slide-image\" src=\"https:\/\/cndesge.org\/wp-content\/uploads\/2026\/01\/IMG_5185.jpeg\" alt=\"IMG_5185\" \/><\/figure><\/div><div class=\"swiper-slide\" role=\"group\" aria-roledescription=\"slide\" aria-label=\"11 de 12\"><figure class=\"swiper-slide-inner\"><img decoding=\"async\" class=\"swiper-slide-image\" src=\"https:\/\/cndesge.org\/wp-content\/uploads\/2026\/01\/IMG_5188.jpeg\" alt=\"IMG_5188\" \/><\/figure><\/div><div class=\"swiper-slide\" role=\"group\" aria-roledescription=\"slide\" aria-label=\"12 de 12\"><figure class=\"swiper-slide-inner\"><img decoding=\"async\" class=\"swiper-slide-image\" src=\"https:\/\/cndesge.org\/wp-content\/uploads\/2026\/01\/IMG_5186.jpeg\" alt=\"IMG_5186\" \/><\/figure><\/div>\t\t\t<\/div>\n\t\t\t\t\t\t\t\t\t\t\t\t<div class=\"elementor-swiper-button elementor-swiper-button-prev\" role=\"button\" tabindex=\"0\">\n\t\t\t\t\t\t<svg aria-hidden=\"true\" class=\"e-font-icon-svg e-eicon-chevron-left\" viewBox=\"0 0 1000 1000\" xmlns=\"http:\/\/www.w3.org\/2000\/svg\"><path d=\"M646 125C629 125 613 133 604 142L308 442C296 454 292 471 292 487 292 504 296 521 308 533L604 854C617 867 629 875 646 875 663 875 679 871 692 858 704 846 713 829 713 812 713 796 708 779 692 767L438 487 692 225C700 217 708 204 708 187 708 171 704 154 692 142 675 129 663 125 646 125Z\"><\/path><\/svg>\t\t\t\t\t<\/div>\n\t\t\t\t\t<div class=\"elementor-swiper-button elementor-swiper-button-next\" role=\"button\" tabindex=\"0\">\n\t\t\t\t\t\t<svg aria-hidden=\"true\" class=\"e-font-icon-svg e-eicon-chevron-right\" viewBox=\"0 0 1000 1000\" xmlns=\"http:\/\/www.w3.org\/2000\/svg\"><path d=\"M696 533C708 521 713 504 713 487 713 471 708 454 696 446L400 146C388 133 375 125 354 125 338 125 325 129 313 142 300 154 292 171 292 187 292 204 296 221 308 233L563 492 304 771C292 783 288 800 288 817 288 833 296 850 308 863 321 871 338 875 354 875 371 875 388 867 400 854L696 533Z\"><\/path><\/svg>\t\t\t\t\t<\/div>\n\t\t\t\t\n\t\t\t\t\t\t\t\t\t<\/div>\n\t\t\t\t\t\t<\/div>\n\t\t\t\t<\/div>\n\t\t\t\t\t<\/div>\n\t\t\t\t<\/div>\n\t\t\t\t<\/div>\n\t\t","protected":false},"excerpt":{"rendered":"<p>El Consejo Nacional para el Desarrollo Econ\u00f3mico y Social (CNDES) ha celebrado ayer jueves, en su sede, una reuni\u00f3n de concertaci\u00f3n con todas las subcomisiones, con el objetivo de coordinar y avanzar en la organizaci\u00f3n de las pr\u00f3ximas Jornadas de Reflexi\u00f3n sobre Diversificaci\u00f3n Econ\u00f3mica e Inclusi\u00f3n Social. La reuni\u00f3n, presidida por el Excmo. Sr. LeoncioLeer m\u00e1s &#8230;<\/p>\n","protected":false},"author":1,"featured_media":13053,"comment_status":"closed","ping_status":"closed","sticky":false,"template":"","format":"standard","meta":{"footnotes":""},"categories":[88,82,83],"tags":[],"class_list":["post-13052","post","type-post","status-publish","format-standard","has-post-thumbnail","hentry","category-hotels","category-bussiness","category-city-news"],"_links":{"self":[{"href":"https:\/\/cndesge.org\/index.php?rest_route=\/wp\/v2\/posts\/13052","targetHints":{"allow":["GET"]}}],"collection":[{"href":"https:\/\/cndesge.org\/index.php?rest_route=\/wp\/v2\/posts"}],"about":[{"href":"https:\/\/cndesge.org\/index.php?rest_route=\/wp\/v2\/types\/post"}],"author":[{"embeddable":true,"href":"https:\/\/cndesge.org\/index.php?rest_route=\/wp\/v2\/users\/1"}],"replies":[{"embeddable":true,"href":"https:\/\/cndesge.org\/index.php?rest_route=%2Fwp%2Fv2%2Fcomments&post=13052"}],"version-history":[{"count":16,"href":"https:\/\/cndesge.org\/index.php?rest_route=\/wp\/v2\/posts\/13052\/revisions"}],"predecessor-version":[{"id":13082,"href":"https:\/\/cndesge.org\/index.php?rest_route=\/wp\/v2\/posts\/13052\/revisions\/13082"}],"wp:featuredmedia":[{"embeddable":true,"href":"https:\/\/cndesge.org\/index.php?rest_route=\/wp\/v2\/media\/13053"}],"wp:attachment":[{"href":"https:\/\/cndesge.org\/index.php?rest_route=%2Fwp%2Fv2%2Fmedia&parent=13052"}],"wp:term":[{"taxonomy":"category","embeddable":true,"href":"https:\/\/cndesge.org\/index.php?rest_route=%2Fwp%2Fv2%2Fcategories&post=13052"},{"taxonomy":"post_tag","embeddable":true,"href":"https:\/\/cndesge.org\/index.php?rest_route=%2Fwp%2Fv2%2Ftags&post=13052"}],"curies":[{"name":"wp","href":"https:\/\/api.w.org\/{rel}","templated":true}]}}