{"id":13032,"date":"2026-01-06T21:50:44","date_gmt":"2026-01-06T21:50:44","guid":{"rendered":"https:\/\/cndesge.org\/?p=13032"},"modified":"2026-01-06T22:03:03","modified_gmt":"2026-01-06T22:03:03","slug":"cndes-y-el-sistema-de-las-naciones-unidas-coordinan-acciones-para-las-segundas-jornadas-de-reflexion-sobre-diversificacion-economica-e-inclusion-social-jornadeis-en-los-sectores-de-turismo-y-pesca","status":"publish","type":"post","link":"https:\/\/cndesge.org\/?p=13032","title":{"rendered":"CNDES y el Sistema de las Naciones Unidas coordinan acciones para las Segundas Jornadas de Reflexi\u00f3n sobre Diversificaci\u00f3n Econ\u00f3mica e Inclusi\u00f3n Social (JORNADEIS) en los sectores de Turismo y Pesca."},"content":{"rendered":"\t\t<div data-elementor-type=\"wp-post\" data-elementor-id=\"13032\" class=\"elementor elementor-13032\">\n\t\t\t\t<div class=\"elementor-element elementor-element-55c7fbb1 e-flex e-con-boxed e-con e-parent\" data-id=\"55c7fbb1\" data-element_type=\"container\" data-e-type=\"container\">\n\t\t\t\t\t<div class=\"e-con-inner\">\n\t\t\t\t<div class=\"elementor-element elementor-element-3b4f79b2 elementor-widget elementor-widget-text-editor\" data-id=\"3b4f79b2\" data-element_type=\"widget\" data-e-type=\"widget\" data-widget_type=\"text-editor.default\">\n\t\t\t\t<div class=\"elementor-widget-container\">\n\t\t\t\t\t\t\t\t\t<p><span class=\"s12\"><span class=\"bumpedFont15\">El \u00a0 Consejo Nacional para el Desarrollo Econ\u00f3mico y Soci<\/span><\/span><span class=\"s12\"><span class=\"bumpedFont15\">al, <\/span><\/span><span class=\"s12\"><span class=\"bumpedFont15\">ha mantenido<\/span><\/span><span class=\"s12\"><span class=\"bumpedFont15\"> una reuni\u00f3n<\/span><\/span><span class=\"s12\"><span class=\"bumpedFont15\">\u00a0de concertaci\u00f3n, <\/span><\/span><span class=\"s12\"><span class=\"bumpedFont15\">con el Sistema de las Naciones Unidas sobre su aporte al sistema de educaci\u00f3n nacional, as\u00ed como su implicaci\u00f3n en las Jornadas de Reflexi\u00f3n <\/span><\/span><span class=\"s12\"><span class=\"bumpedFont15\">sobre Diversificaci\u00f3n Econ\u00f3mica <\/span><\/span><span class=\"s12\"><span class=\"bumpedFont15\">e Inclusi\u00f3n Social, JORNADEIS, <\/span><\/span><span class=\"s12\"><span class=\"bumpedFont15\">en los sectores <\/span><\/span><span class=\"s12\"><span class=\"bumpedFont15\">Pesca y Turismo.<\/span><\/span><\/p><p><span class=\"s12\"><span class=\"bumpedFont15\">En el marco de la elaboraci\u00f3n de la <\/span><\/span><span class=\"s12\"><span class=\"bumpedFont15\">M<\/span><\/span><span class=\"s12\"><span class=\"bumpedFont15\">emoria <\/span><\/span><span class=\"s12\"><span class=\"bumpedFont15\">A<\/span><\/span><span class=\"s12\"><span class=\"bumpedFont15\">nual 2025<\/span><\/span><span class=\"s12\"><span class=\"bumpedFont15\">, este 6 de enero 2026, el vicepresidente segundo del CNDES Leoncio Amada Nze Nlang, ha mantenido una reuni\u00f3n de informaci\u00f3n con el Sistema de las Naciones Unidas sobre su contribuci\u00f3n en el sistema educativo nacional.<\/span><\/span><\/p><p class=\"s13\"><span class=\"s12\"><span class=\"bumpedFont15\">El <\/span><\/span><span class=\"s12\"><span class=\"bumpedFont15\">S<\/span><\/span><span class=\"s12\"><span class=\"bumpedFont15\">istema de las Naciones Unidas Por su <\/span><\/span><span class=\"s12\"><span class=\"bumpedFont15\">parte, ha<\/span><\/span><span class=\"s12\"><span class=\"bumpedFont15\"> presentado <\/span><\/span><span class=\"s12\"><span class=\"bumpedFont15\">su aporte en el sector educativo a trav\u00e9s de las agencias de educaci\u00f3n con las que <\/span><\/span><span class=\"s12\"><span class=\"bumpedFont15\">est\u00e1<\/span><\/span><span class=\"s12\"><span class=\"bumpedFont15\"> trabajando, <\/span><\/span><span class=\"s12\"><span class=\"bumpedFont15\">destacando<\/span><\/span><\/p><p class=\"s13\"><span class=\"s12\"><span class=\"bumpedFont15\">La cooperaci\u00f3n<\/span><\/span><span class=\"s12\"><span class=\"bumpedFont15\"> que existe entre<\/span><\/span><span class=\"s12\"><span class=\"bumpedFont15\"> UNICEF Y el Ministerio de Educaci\u00f3n<\/span><\/span><span class=\"s12\"><span class=\"bumpedFont15\">, as\u00ed como los<\/span><\/span><span class=\"s12\"><span class=\"bumpedFont15\">tres proyectos prioritarios en los que han estado trabajando <\/span><\/span><span class=\"s12\"><span class=\"bumpedFont15\">en los \u00faltimos a\u00f1os<\/span><\/span><span class=\"s12\"><span class=\"bumpedFont15\">, entre ellos se destaca,<\/span><\/span><span class=\"s12\"><span class=\"bumpedFont15\"> la <\/span><\/span><span class=\"s12\"><span class=\"bumpedFont15\">educaci\u00f3n<\/span><\/span><span class=\"s12\"><span class=\"bumpedFont15\"> in<\/span><\/span><span class=\"s12\"><span class=\"bumpedFont15\">clusiva<\/span><\/span><span class=\"s12\"><span class=\"bumpedFont15\">, plataforma para la educacion digital y la transici\u00f3n educativa de preescolar a primaria.<\/span><\/span><\/p><p class=\"s13\"><span class=\"s12\"><span class=\"bumpedFont15\">El <\/span><\/span><span class=\"s12\"><span class=\"bumpedFont15\">vicepresidente II del CNDES, igualmente ha recomendado a sus interlocutores, la ampliaci\u00f3n de la educacion in<\/span><\/span><span class=\"s12\"><span class=\"bumpedFont15\">clusiva<\/span><\/span><span class=\"s12\"><span class=\"bumpedFont15\"> en todo el pa\u00eds<\/span><\/span><span class=\"s12\"><span class=\"bumpedFont15\"> para ni\u00f1os y ni\u00f1as con necesidades especiales<\/span><\/span><span class=\"s12\"><span class=\"bumpedFont15\">, manifestando su inter\u00e9s en la educacion digital <\/span><\/span><span class=\"s12\"><span class=\"bumpedFont15\">agendando una <\/span><\/span><span class=\"s12\"><span class=\"bumpedFont15\">reuni\u00f3n<\/span><\/span><span class=\"s12\"><span class=\"bumpedFont15\"> con los departamentos <\/span><\/span><span class=\"s12\"><span class=\"bumpedFont15\">involucrados.<\/span><\/span><\/p><p class=\"s13\"><span class=\"s12\"><span class=\"bumpedFont15\">el representante del Sistema de las Naciones UNIDAS, finalmente \u00a0 ha presentado un avance de los trabajos de colaboraci\u00f3n sobre las JORNADEIS, que se llevar\u00e1 a cabo del 23 al 25 del mes de febrero de 2026.<\/span><\/span><\/p>\t\t\t\t\t\t\t\t<\/div>\n\t\t\t\t<\/div>\n\t\t\t\t\t<\/div>\n\t\t\t\t<\/div>\n\t\t<div class=\"elementor-element elementor-element-040ea48 e-flex e-con-boxed e-con e-parent\" data-id=\"040ea48\" data-element_type=\"container\" data-e-type=\"container\">\n\t\t\t\t\t<div class=\"e-con-inner\">\n\t\t\t\t<div class=\"elementor-element elementor-element-90dac48 elementor-arrows-position-inside elementor-pagination-position-outside elementor-widget elementor-widget-image-carousel\" data-id=\"90dac48\" data-element_type=\"widget\" data-e-type=\"widget\" data-settings=\"{&quot;slides_to_show&quot;:&quot;1&quot;,&quot;navigation&quot;:&quot;both&quot;,&quot;autoplay&quot;:&quot;yes&quot;,&quot;pause_on_hover&quot;:&quot;yes&quot;,&quot;pause_on_interaction&quot;:&quot;yes&quot;,&quot;autoplay_speed&quot;:5000,&quot;infinite&quot;:&quot;yes&quot;,&quot;effect&quot;:&quot;slide&quot;,&quot;speed&quot;:500}\" data-widget_type=\"image-carousel.default\">\n\t\t\t\t<div class=\"elementor-widget-container\">\n\t\t\t\t\t\t\t<div class=\"elementor-image-carousel-wrapper swiper\" role=\"region\" aria-roledescription=\"carousel\" aria-label=\"Carrusel de im\u00e1genes\" dir=\"ltr\">\n\t\t\t<div class=\"elementor-image-carousel swiper-wrapper\" aria-live=\"off\">\n\t\t\t\t\t\t\t\t<div class=\"swiper-slide\" role=\"group\" aria-roledescription=\"slide\" aria-label=\"1 de 7\"><figure class=\"swiper-slide-inner\"><img decoding=\"async\" class=\"swiper-slide-image\" src=\"https:\/\/cndesge.org\/wp-content\/uploads\/2026\/01\/8e65a54b-4825-4099-82a8-8c68bf8303f0-scaled.jpeg\" alt=\"8e65a54b-4825-4099-82a8-8c68bf8303f0\" \/><\/figure><\/div><div class=\"swiper-slide\" role=\"group\" aria-roledescription=\"slide\" aria-label=\"2 de 7\"><figure class=\"swiper-slide-inner\"><img decoding=\"async\" class=\"swiper-slide-image\" src=\"https:\/\/cndesge.org\/wp-content\/uploads\/2026\/01\/89a72dc0-822b-4201-aad9-49bb43507b52-scaled.jpeg\" alt=\"89a72dc0-822b-4201-aad9-49bb43507b52\" \/><\/figure><\/div><div class=\"swiper-slide\" role=\"group\" aria-roledescription=\"slide\" aria-label=\"3 de 7\"><figure class=\"swiper-slide-inner\"><img decoding=\"async\" class=\"swiper-slide-image\" src=\"https:\/\/cndesge.org\/wp-content\/uploads\/2026\/01\/b28c421d-cca5-4a94-a278-9591145134b5-scaled.jpeg\" alt=\"b28c421d-cca5-4a94-a278-9591145134b5\" \/><\/figure><\/div><div class=\"swiper-slide\" role=\"group\" aria-roledescription=\"slide\" aria-label=\"4 de 7\"><figure class=\"swiper-slide-inner\"><img decoding=\"async\" class=\"swiper-slide-image\" src=\"https:\/\/cndesge.org\/wp-content\/uploads\/2026\/01\/39fd6fa9-0476-4141-8df5-f2527099976b-scaled.jpeg\" alt=\"39fd6fa9-0476-4141-8df5-f2527099976b\" \/><\/figure><\/div><div class=\"swiper-slide\" role=\"group\" aria-roledescription=\"slide\" aria-label=\"5 de 7\"><figure class=\"swiper-slide-inner\"><img decoding=\"async\" class=\"swiper-slide-image\" src=\"https:\/\/cndesge.org\/wp-content\/uploads\/2026\/01\/ca6e2b72-890f-489c-b97f-be0f325e99b7-1-scaled.jpeg\" alt=\"ca6e2b72-890f-489c-b97f-be0f325e99b7\" \/><\/figure><\/div><div class=\"swiper-slide\" role=\"group\" aria-roledescription=\"slide\" aria-label=\"6 de 7\"><figure class=\"swiper-slide-inner\"><img decoding=\"async\" class=\"swiper-slide-image\" src=\"https:\/\/cndesge.org\/wp-content\/uploads\/2026\/01\/e0f694d2-1792-4fa3-ae7a-7015eaea8648-scaled.jpeg\" alt=\"e0f694d2-1792-4fa3-ae7a-7015eaea8648\" \/><\/figure><\/div><div class=\"swiper-slide\" role=\"group\" aria-roledescription=\"slide\" aria-label=\"7 de 7\"><figure class=\"swiper-slide-inner\"><img decoding=\"async\" class=\"swiper-slide-image\" src=\"https:\/\/cndesge.org\/wp-content\/uploads\/2026\/01\/b0eabaee-a5ae-47e6-a97e-7ecfe1cb55d8-scaled.jpeg\" alt=\"b0eabaee-a5ae-47e6-a97e-7ecfe1cb55d8\" \/><\/figure><\/div>\t\t\t<\/div>\n\t\t\t\t\t\t\t\t\t\t\t\t<div class=\"elementor-swiper-button elementor-swiper-button-prev\" role=\"button\" tabindex=\"0\">\n\t\t\t\t\t\t<svg aria-hidden=\"true\" class=\"e-font-icon-svg e-eicon-chevron-left\" viewBox=\"0 0 1000 1000\" xmlns=\"http:\/\/www.w3.org\/2000\/svg\"><path d=\"M646 125C629 125 613 133 604 142L308 442C296 454 292 471 292 487 292 504 296 521 308 533L604 854C617 867 629 875 646 875 663 875 679 871 692 858 704 846 713 829 713 812 713 796 708 779 692 767L438 487 692 225C700 217 708 204 708 187 708 171 704 154 692 142 675 129 663 125 646 125Z\"><\/path><\/svg>\t\t\t\t\t<\/div>\n\t\t\t\t\t<div class=\"elementor-swiper-button elementor-swiper-button-next\" role=\"button\" tabindex=\"0\">\n\t\t\t\t\t\t<svg aria-hidden=\"true\" class=\"e-font-icon-svg e-eicon-chevron-right\" viewBox=\"0 0 1000 1000\" xmlns=\"http:\/\/www.w3.org\/2000\/svg\"><path d=\"M696 533C708 521 713 504 713 487 713 471 708 454 696 446L400 146C388 133 375 125 354 125 338 125 325 129 313 142 300 154 292 171 292 187 292 204 296 221 308 233L563 492 304 771C292 783 288 800 288 817 288 833 296 850 308 863 321 871 338 875 354 875 371 875 388 867 400 854L696 533Z\"><\/path><\/svg>\t\t\t\t\t<\/div>\n\t\t\t\t\n\t\t\t\t\t\t\t\t\t<div class=\"swiper-pagination\"><\/div>\n\t\t\t\t\t\t\t\t\t<\/div>\n\t\t\t\t\t\t<\/div>\n\t\t\t\t<\/div>\n\t\t\t\t\t<\/div>\n\t\t\t\t<\/div>\n\t\t\t\t<\/div>\n\t\t","protected":false},"excerpt":{"rendered":"<p>El \u00a0 Consejo Nacional para el Desarrollo Econ\u00f3mico y Social, ha mantenido una reuni\u00f3n\u00a0de concertaci\u00f3n, con el Sistema de las Naciones Unidas sobre su aporte al sistema de educaci\u00f3n nacional, as\u00ed como su implicaci\u00f3n en las Jornadas de Reflexi\u00f3n sobre Diversificaci\u00f3n Econ\u00f3mica e Inclusi\u00f3n Social, JORNADEIS, en los sectores Pesca y Turismo. En el marcoLeer m\u00e1s &#8230;<\/p>\n","protected":false},"author":1,"featured_media":13036,"comment_status":"closed","ping_status":"closed","sticky":false,"template":"","format":"standard","meta":{"footnotes":""},"categories":[88,82,83],"tags":[],"class_list":["post-13032","post","type-post","status-publish","format-standard","has-post-thumbnail","hentry","category-hotels","category-bussiness","category-city-news"],"_links":{"self":[{"href":"https:\/\/cndesge.org\/index.php?rest_route=\/wp\/v2\/posts\/13032","targetHints":{"allow":["GET"]}}],"collection":[{"href":"https:\/\/cndesge.org\/index.php?rest_route=\/wp\/v2\/posts"}],"about":[{"href":"https:\/\/cndesge.org\/index.php?rest_route=\/wp\/v2\/types\/post"}],"author":[{"embeddable":true,"href":"https:\/\/cndesge.org\/index.php?rest_route=\/wp\/v2\/users\/1"}],"replies":[{"embeddable":true,"href":"https:\/\/cndesge.org\/index.php?rest_route=%2Fwp%2Fv2%2Fcomments&post=13032"}],"version-history":[{"count":6,"href":"https:\/\/cndesge.org\/index.php?rest_route=\/wp\/v2\/posts\/13032\/revisions"}],"predecessor-version":[{"id":13047,"href":"https:\/\/cndesge.org\/index.php?rest_route=\/wp\/v2\/posts\/13032\/revisions\/13047"}],"wp:featuredmedia":[{"embeddable":true,"href":"https:\/\/cndesge.org\/index.php?rest_route=\/wp\/v2\/media\/13036"}],"wp:attachment":[{"href":"https:\/\/cndesge.org\/index.php?rest_route=%2Fwp%2Fv2%2Fmedia&parent=13032"}],"wp:term":[{"taxonomy":"category","embeddable":true,"href":"https:\/\/cndesge.org\/index.php?rest_route=%2Fwp%2Fv2%2Fcategories&post=13032"},{"taxonomy":"post_tag","embeddable":true,"href":"https:\/\/cndesge.org\/index.php?rest_route=%2Fwp%2Fv2%2Ftags&post=13032"}],"curies":[{"name":"wp","href":"https:\/\/api.w.org\/{rel}","templated":true}]}}