{"id":12853,"date":"2025-12-14T15:42:36","date_gmt":"2025-12-14T15:42:36","guid":{"rendered":"https:\/\/cndesge.org\/?p=12853"},"modified":"2025-12-14T16:41:50","modified_gmt":"2025-12-14T16:41:50","slug":"el-cndes-realiza-una-visita-de-trabajo-al-reino-de-marruecos-para-fortalecer-la-cooperacion-bilateral","status":"publish","type":"post","link":"https:\/\/cndesge.org\/?p=12853","title":{"rendered":"El CNDES realiza una visita de trabajo al Reino de Marruecos para fortalecer la cooperaci\u00f3n bilateral"},"content":{"rendered":"<p><span class=\"s12\">Una alta delegaci\u00f3n del Consejo Nacional para el Desarrollo Econ\u00f3mico y Social (CNDES), encabezada por su Presidente, <\/span><span class=\"s12\">Marcelino Owono Edu<\/span><span class=\"s12\">, <\/span><span class=\"s12\">ha <\/span><span class=\"s12\">viaja<\/span><span class=\"s12\">do<\/span><span class=\"s12\"> al <\/span><span class=\"s12\">Reino de Marruecos<\/span> <span class=\"s12\">en la ma\u00f1ana de <\/span><span class=\"s12\">este domingo <\/span><span class=\"s12\">en respuesta a la invitaci\u00f3n oficial cursada por su hom\u00f3logo marroqu\u00ed, con el objetivo de realizar una <\/span><span class=\"s12\">visita de trabajo y de amistad<\/span><span class=\"s12\"> destinada a fortalecer la cooperaci\u00f3n bilateral entre ambas instituciones.<\/span><\/p>\n<blockquote>\n<p class=\"s13\"><span class=\"s12\">El desplazamiento de la delegaci\u00f3n del CNDES se <\/span><span class=\"s12\">ha <\/span><span class=\"s12\">enmarca<\/span><span class=\"s12\">do<\/span><span class=\"s12\"> en la voluntad com\u00fan expresada por los Presidentes de ambos Consejos de consolidar una cooperaci\u00f3n institucional fruct\u00edfera, a semejanza de las excelentes relaciones que unen a la Rep\u00fablica de Guinea Ecuatorial y el Reino de Marruecos<\/span><span class=\"s12\">, <\/span><span class=\"s14\"><span class=\"bumpedFont15\">fruto de la relaci\u00f3n de hermandad entre nuestros dos Jefes de Estado, <\/span><\/span><span class=\"s15\"><span class=\"bumpedFont15\">Su Majestad el Rey Mohamed VI<\/span><\/span><span class=\"s15\"><span class=\"bumpedFont15\">, que Dios le preserve <\/span><\/span><span class=\"s15\"><span class=\"bumpedFont15\">y S.E OBIANG NGUEMA MBASOGO<\/span><\/span><span class=\"s15\"><span class=\"bumpedFont15\">, Presidente de la Rep\u00fablica<\/span><\/span><span class=\"s12\">.<\/span><\/p>\n<p class=\"s13\"><span class=\"s12\">Esta iniciativa da continuidad a la cordial conversaci\u00f3n mantenida el pasado <\/span><span class=\"s12\">13 de octubre de 2025 en Mongomo<\/span><span class=\"s12\">, durante la cual ambas partes manifestaron su inter\u00e9s en profundizar los intercambios y la colaboraci\u00f3n mutua.<\/span><\/p>\n<\/blockquote>\n<p class=\"s13\"><span class=\"s12\">Durante la estancia en <\/span><span class=\"s12\">Rabat<\/span><span class=\"s12\">, la visita ofrecer\u00e1 la oportunidad de intercambiar puntos de vista sobre las <\/span><span class=\"s12\">prioridades estrat\u00e9gicas<\/span><span class=\"s12\"> de los respectivos Consejos, as\u00ed como de <\/span><span class=\"s12\">oficializar el marco de cooperaci\u00f3n bilateral<\/span><span class=\"s12\">mediante la firma de un <\/span><span class=\"s12\">protocolo de acuerdo<\/span><span class=\"s12\">, orientado a reforzar la concertaci\u00f3n y el di\u00e1logo socioecon\u00f3mico.<\/span><\/p>\n<p class=\"s13\"><span class=\"s12\">Asimismo, el programa permitir\u00e1 <\/span><span class=\"s12\">compartir buenas pr\u00e1cticas<\/span><span class=\"s12\"> en tem\u00e1ticas de inter\u00e9s com\u00fan y <\/span><span class=\"s12\">preparar conjuntamente proyectos de cooperaci\u00f3n multilateral<\/span><span class=\"s12\">, especialmente en el marco de la <\/span><span class=\"s12\">UCESA<\/span><span class=\"s12\">, con vistas a la <\/span><span class=\"s12\">quinta mesa redonda prevista para el primer trimestre de 2026 en Malabo<\/span><span class=\"s12\">.<\/span><\/p>\n<p class=\"s13\"><span class=\"s12\">La agenda de trabajo contempla igualmente la organizaci\u00f3n de <\/span><span class=\"s12\">sesiones de intercambio con miembros y socios institucionales<\/span><span class=\"s12\"> del Consejo marroqu\u00ed, entre los que figuran la <\/span><span class=\"s12\">C\u00e1mara de Consejeros<\/span><span class=\"s12\">, <\/span><span class=\"s12\">Bank Al-Maghrib<\/span><span class=\"s12\">, la <\/span><span class=\"s12\">Oficina de Formaci\u00f3n Profesional y Promoci\u00f3n del Trabajo<\/span><span class=\"s12\">, la <\/span><span class=\"s12\">Confederaci\u00f3n General de Empresas de Marruecos<\/span><span class=\"s12\"> y el <\/span><span class=\"s12\">Cr\u00e9dito Agr\u00edcola de Marruecos<\/span><span class=\"s12\">, entre otros. <\/span><\/p>\n<p class=\"s13\"><span class=\"s12\">La visita de la delegaci\u00f3n del Consejo Nacional para el Desarrollo Econ\u00f3mico y Social al Reino de Marruecos marca un nuevo hito en la cooperaci\u00f3n institucional entre ambos Consejos y abre perspectivas concretas de colaboraci\u00f3n orientadas al intercambio de experiencias y al fortalecimiento del di\u00e1logo econ\u00f3mico y social en beneficio del desarrollo com\u00fan.<\/span><\/p>\n","protected":false},"excerpt":{"rendered":"<p>Una alta delegaci\u00f3n del Consejo Nacional para el Desarrollo Econ\u00f3mico y Social (CNDES), encabezada por su Presidente, Marcelino Owono Edu, ha viajado al Reino de Marruecos en la ma\u00f1ana de este domingo en respuesta a la invitaci\u00f3n oficial cursada por su hom\u00f3logo marroqu\u00ed, con el objetivo de realizar una visita de trabajo y de amistadLeer m\u00e1s &#8230;<\/p>\n","protected":false},"author":1,"featured_media":12859,"comment_status":"closed","ping_status":"closed","sticky":false,"template":"","format":"standard","meta":{"footnotes":""},"categories":[82,83],"tags":[],"class_list":["post-12853","post","type-post","status-publish","format-standard","has-post-thumbnail","hentry","category-bussiness","category-city-news"],"_links":{"self":[{"href":"https:\/\/cndesge.org\/index.php?rest_route=\/wp\/v2\/posts\/12853","targetHints":{"allow":["GET"]}}],"collection":[{"href":"https:\/\/cndesge.org\/index.php?rest_route=\/wp\/v2\/posts"}],"about":[{"href":"https:\/\/cndesge.org\/index.php?rest_route=\/wp\/v2\/types\/post"}],"author":[{"embeddable":true,"href":"https:\/\/cndesge.org\/index.php?rest_route=\/wp\/v2\/users\/1"}],"replies":[{"embeddable":true,"href":"https:\/\/cndesge.org\/index.php?rest_route=%2Fwp%2Fv2%2Fcomments&post=12853"}],"version-history":[{"count":4,"href":"https:\/\/cndesge.org\/index.php?rest_route=\/wp\/v2\/posts\/12853\/revisions"}],"predecessor-version":[{"id":12857,"href":"https:\/\/cndesge.org\/index.php?rest_route=\/wp\/v2\/posts\/12853\/revisions\/12857"}],"wp:featuredmedia":[{"embeddable":true,"href":"https:\/\/cndesge.org\/index.php?rest_route=\/wp\/v2\/media\/12859"}],"wp:attachment":[{"href":"https:\/\/cndesge.org\/index.php?rest_route=%2Fwp%2Fv2%2Fmedia&parent=12853"}],"wp:term":[{"taxonomy":"category","embeddable":true,"href":"https:\/\/cndesge.org\/index.php?rest_route=%2Fwp%2Fv2%2Fcategories&post=12853"},{"taxonomy":"post_tag","embeddable":true,"href":"https:\/\/cndesge.org\/index.php?rest_route=%2Fwp%2Fv2%2Ftags&post=12853"}],"curies":[{"name":"wp","href":"https:\/\/api.w.org\/{rel}","templated":true}]}}