{"id":12751,"date":"2025-12-03T17:44:11","date_gmt":"2025-12-03T17:44:11","guid":{"rendered":"https:\/\/cndesge.org\/?p=12751"},"modified":"2025-12-03T18:24:56","modified_gmt":"2025-12-03T18:24:56","slug":"el-cndes-destaca-en-adis-abeba-y-logra-la-vicepresidencia-primera-del-comite-de-politica-social-pobreza-y-genero-de-la-comision-economica-de-la-para-africa-eca-2025-2027","status":"publish","type":"post","link":"https:\/\/cndesge.org\/?p=12751","title":{"rendered":"El CNDES destaca en Adis Abeba y logra la Vicepresidencia Primera del Comit\u00e9 de Pol\u00edtica Social, Pobreza y G\u00e9nero de la Comisi\u00f3n Econ\u00f3mica de la para \u00c1frica (ECA) 2025-2027"},"content":{"rendered":"\t\t<div data-elementor-type=\"wp-post\" data-elementor-id=\"12751\" class=\"elementor elementor-12751\">\n\t\t\t\t<div class=\"elementor-element elementor-element-45d7c234 e-flex e-con-boxed e-con e-parent\" data-id=\"45d7c234\" data-element_type=\"container\" data-e-type=\"container\">\n\t\t\t\t\t<div class=\"e-con-inner\">\n\t\t\t\t<div class=\"elementor-element elementor-element-4991422b elementor-widget elementor-widget-text-editor\" data-id=\"4991422b\" data-element_type=\"widget\" data-e-type=\"widget\" data-widget_type=\"text-editor.default\">\n\t\t\t\t<div class=\"elementor-widget-container\">\n\t\t\t\t\t\t\t\t\t<blockquote>\r\n<p class=\"s26\"><span class=\"s23\"><span class=\"bumpedFont15\">El Consejo Nacional para el Desarrollo Econ\u00f3mico y Social (CNDES) destaca en Ad\u00eds Abeba y<\/span><\/span><span class=\"s23\"><span class=\"bumpedFont15\"> logra la Vicepresidencia <\/span><\/span><span class=\"s23\"><span class=\"bumpedFont15\">Primera del<\/span><\/span><span class=\"s23\"><span class=\"bumpedFont15\">Comit\u00e9 de Pol\u00edtica Social, Pobreza y G\u00e9nero<\/span><\/span> <span class=\"s25\"><span class=\"bumpedFont15\">de la Comisi\u00f3n Econ\u00f3mica de la para \u00c1frica (ECA) para el per\u00edodo 2025-2027.<\/span><\/span><\/p>\r\n<\/blockquote>\r\n<p class=\"s29\"><span class=\"s24\"><span class=\"bumpedFont15\">Una delegaci\u00f3n del<\/span><\/span> <span class=\"s27\"><span class=\"bumpedFont15\">Consejo Nacional para el Desarrollo Econ\u00f3mico y Social<\/span><\/span> <span class=\"s27\"><span class=\"bumpedFont15\">(CNDES<\/span><\/span><span class=\"s27\"><span class=\"bumpedFont15\">)<\/span><\/span> <span class=\"s27\"><span class=\"bumpedFont15\">de Guinea Ecuatorial <\/span><\/span><span class=\"s24\"><span class=\"bumpedFont15\">encabezada <\/span><\/span><span class=\"s24\"><span class=\"bumpedFont15\">por la<\/span><\/span><span class=\"s23\"><span class=\"bumpedFont15\"> Excma. Sra. Bindang OKIRI NDONG<\/span><\/span><span class=\"s23\"><span class=\"bumpedFont15\">,<\/span><\/span><span class=\"s24\"><span class=\"bumpedFont15\"> Miembro encargada del Sector Social, acompa\u00f1ada del t\u00e9cnico Joaqu\u00edn <\/span><\/span><span class=\"s24\"><span class=\"bumpedFont15\">EBIOLE \u00d1OME<\/span><\/span><span class=\"s24\"><span class=\"bumpedFont15\">, <\/span><\/span><span class=\"s24\"><span class=\"bumpedFont15\">represent\u00f3<\/span><\/span><span class=\"s24\"><span class=\"bumpedFont15\"> con \u00e9xito a Guinea Ecuatorial en la sexta sesi\u00f3n del <\/span><\/span><span class=\"s24\"><span class=\"bumpedFont15\">Comit\u00e9 <\/span><\/span><span class=\"s24\"><span class=\"bumpedFont15\">de <\/span><\/span><span class=\"s24\"><span class=\"bumpedFont15\">Pol\u00edtica Social, Pobreza y G\u00e9nero<\/span><\/span> <span class=\"s24\"><span class=\"bumpedFont15\">de la <\/span><\/span><span class=\"s28\"><span class=\"bumpedFont15\">Comisi\u00f3n Econ\u00f3mica \u00c1frica (ECA)<\/span><\/span><span class=\"s28\"><span class=\"bumpedFont15\">,<\/span><\/span><span class=\"s24\"><span class=\"bumpedFont15\">celebrada en<\/span><\/span> <span class=\"s27\"><span class=\"bumpedFont15\">Ad\u00eds Abeba del 26 al 28 de noviembre de 2025<\/span><\/span><span class=\"s27\"><span class=\"bumpedFont15\">.<\/span><\/span><\/p>\r\n<p class=\"s29\"><span class=\"s24\"><span class=\"bumpedFont15\">El Comit\u00e9 de Pol\u00edtica Social, Pobreza y G\u00e9nero tiene como funci\u00f3n principal orientar a los Estados miembros en el dise\u00f1o de pol\u00edticas que promuevan la igualdad, reduzcan la pobreza y fortalezcan la cohesi\u00f3n social.<\/span><\/span><\/p>\r\n<p class=\"s29\"><span class=\"s24\"><span class=\"bumpedFont15\">Durante \u00e9stas jornadas, se abordaron te<\/span><\/span><span class=\"s24\"><span class=\"bumpedFont15\">mas esenciales relacionados con:<\/span><\/span><\/p>\r\n\r\n<div class=\"s31\"><span class=\"s30\">&#8211; <\/span><span class=\"s24\"><span class=\"bumpedFont15\">La i<\/span><\/span><span class=\"s24\"><span class=\"bumpedFont15\">gualdad de g\u00e9nero y el empoderamiento <\/span><\/span><span class=\"s24\"><span class=\"bumpedFont15\">de la mujer<\/span><\/span><span class=\"s24\"><span class=\"bumpedFont15\">.<\/span><\/span><\/div>\r\n<div class=\"s31\"><span class=\"s30\">&#8211; <\/span><span class=\"s24\"><span class=\"bumpedFont15\">La <\/span><\/span><span class=\"s24\"><span class=\"bumpedFont15\">pobreza<\/span><\/span><span class=\"s24\"><span class=\"bumpedFont15\">, las desigualdades y pol\u00edtica social<\/span><\/span><span class=\"s24\"><span class=\"bumpedFont15\">.<\/span><\/span><\/div>\r\n<div class=\"s31\"><span class=\"s30\">&#8211; <\/span><span class=\"s24\"><span class=\"bumpedFont15\">El e<\/span><\/span><span class=\"s24\"><span class=\"bumpedFont15\">mpleo informal y <\/span><\/span><span class=\"s24\"><span class=\"bumpedFont15\">la transici\u00f3n hacia <\/span><\/span><span class=\"s24\"><span class=\"bumpedFont15\">medios de vida sostenibles<\/span><\/span><span class=\"s24\"><span class=\"bumpedFont15\">.<\/span><\/span><\/div>\r\n<div class=\"s31\"><span class=\"s30\">&#8211; <\/span><span class=\"s24\"><span class=\"bumpedFont15\">El papel <\/span><\/span><span class=\"s24\"><span class=\"bumpedFont15\">de la<\/span><\/span> <span class=\"s24\"><span class=\"bumpedFont15\">t<\/span><\/span><span class=\"s24\"><span class=\"bumpedFont15\">ecnolog\u00eda emergente<\/span><\/span><span class=\"s24\"><span class=\"bumpedFont15\"> como <\/span><\/span><span class=\"s24\"><span class=\"bumpedFont15\">v\u00eda<\/span><\/span><span class=\"s24\"><span class=\"bumpedFont15\">para una transici\u00f3n equitativa<\/span><\/span><span class=\"s24\"><span class=\"bumpedFont15\">.<\/span><\/span><\/div>\r\n<p class=\"s29\"><span class=\"s24\"><span class=\"bumpedFont15\">Como <\/span><\/span><span class=\"s24\"><span class=\"bumpedFont15\">logro<\/span><\/span><span class=\"s24\"><span class=\"bumpedFont15\"> destacado, <\/span><\/span><span class=\"s23\"><span class=\"bumpedFont15\">Guinea Ecuatorial fue elegida<\/span><\/span> <span class=\"s23\"><span class=\"bumpedFont15\">para<\/span><\/span><span class=\"s23\"><span class=\"bumpedFont15\"> ocupar <\/span><\/span><span class=\"s23\"><span class=\"bumpedFont15\">por primera vez <\/span><\/span><span class=\"s23\"><span class=\"bumpedFont15\">la Vicepresidencia <\/span><\/span><span class=\"s23\"><span class=\"bumpedFont15\">Primera <\/span><\/span><span class=\"s23\"><span class=\"bumpedFont15\">del Comit\u00e9<\/span><\/span><span class=\"s24\"><span class=\"bumpedFont15\">, un reconocimiento que refuerza el papel del pa\u00eds en la promoci\u00f3n de pol\u00edticas sociales inclusivas y en la construcci\u00f3n de una agenda africana m\u00e1s equitativa y cohesionada.<\/span><\/span><\/p>\r\n\r\n<blockquote>\r\n<p class=\"s34\"><span class=\"s32\"><span class=\"bumpedFont15\">El <\/span><\/span><span class=\"s24\"><span class=\"bumpedFont15\">C<\/span><\/span><span class=\"s24\"><span class=\"bumpedFont15\">onsejo<\/span><\/span><span class=\"s24\"><span class=\"bumpedFont15\"> destaca que esta responsabilidad dentro del Comit\u00e9 permitir\u00e1 al pa\u00eds<\/span><\/span> <span class=\"s33\"><span class=\"bumpedFont15\">contribuir de manera m\u00e1s directa al dise\u00f1o y seguimiento de pol\u00edticas regionales orientadas a la reducci\u00f3n de la pobreza, la promoci\u00f3n de la igualdad de g\u00e9nero y el fortalecimiento de la cohesi\u00f3n social<\/span><\/span><span class=\"s21\"><span class=\"bumpedFont15\">. <\/span><\/span><\/p>\r\n<\/blockquote>\r\n<p class=\"s34\"><span class=\"s21\"><span class=\"bumpedFont15\">\r\n<\/span><\/span><span class=\"s24\"><span class=\"bumpedFont15\">Asimismo, facilitar\u00e1 que Guinea Ecuatorial participe activamente en la elaboraci\u00f3n de estrategias que impulsen<\/span><\/span> <span class=\"s33\"><span class=\"bumpedFont15\">medios de vida sostenibles, la modernizaci\u00f3n de los sistemas de protecci\u00f3n social y el aprovechamiento de<\/span><\/span><span class=\"s33\"><span class=\"bumpedFont15\"> la tecnolog\u00eda emergente<\/span><\/span><span class=\"s33\"><span class=\"bumpedFont15\"> para un desarrollo m\u00e1s inclusi\u00f3n en<\/span><\/span><span class=\"s24\"><span class=\"bumpedFont15\"> el continente africano.<\/span><\/span><\/p>\t\t\t\t\t\t\t\t<\/div>\n\t\t\t\t<\/div>\n\t\t\t\t\t<\/div>\n\t\t\t\t<\/div>\n\t\t<div class=\"elementor-element elementor-element-76b3b10 e-flex e-con-boxed e-con e-parent\" data-id=\"76b3b10\" data-element_type=\"container\" data-e-type=\"container\">\n\t\t\t\t\t<div class=\"e-con-inner\">\n\t\t\t\t<div class=\"elementor-element elementor-element-a8fd683 elementor-arrows-position-inside elementor-widget elementor-widget-image-carousel\" data-id=\"a8fd683\" data-element_type=\"widget\" data-e-type=\"widget\" data-settings=\"{&quot;slides_to_show&quot;:&quot;1&quot;,&quot;navigation&quot;:&quot;arrows&quot;,&quot;autoplay&quot;:&quot;yes&quot;,&quot;pause_on_hover&quot;:&quot;yes&quot;,&quot;pause_on_interaction&quot;:&quot;yes&quot;,&quot;autoplay_speed&quot;:5000,&quot;infinite&quot;:&quot;yes&quot;,&quot;effect&quot;:&quot;slide&quot;,&quot;speed&quot;:500}\" data-widget_type=\"image-carousel.default\">\n\t\t\t\t<div class=\"elementor-widget-container\">\n\t\t\t\t\t\t\t<div class=\"elementor-image-carousel-wrapper swiper\" role=\"region\" aria-roledescription=\"carousel\" aria-label=\"Carrusel de im\u00e1genes\" dir=\"ltr\">\n\t\t\t<div class=\"elementor-image-carousel swiper-wrapper\" aria-live=\"off\">\n\t\t\t\t\t\t\t\t<div class=\"swiper-slide\" role=\"group\" aria-roledescription=\"slide\" aria-label=\"1 de 3\"><figure class=\"swiper-slide-inner\"><img decoding=\"async\" class=\"swiper-slide-image\" src=\"https:\/\/cndesge.org\/wp-content\/uploads\/2025\/12\/008b23a0-5aef-4503-85e8-370b29388119-1.jpeg\" alt=\"008b23a0-5aef-4503-85e8-370b29388119\" \/><\/figure><\/div><div class=\"swiper-slide\" role=\"group\" aria-roledescription=\"slide\" aria-label=\"2 de 3\"><figure class=\"swiper-slide-inner\"><img decoding=\"async\" class=\"swiper-slide-image\" src=\"https:\/\/cndesge.org\/wp-content\/uploads\/2025\/12\/3a36bc48-dbdf-4a3c-9a8b-2b420aab7e84.jpeg\" alt=\"3a36bc48-dbdf-4a3c-9a8b-2b420aab7e84\" \/><\/figure><\/div><div class=\"swiper-slide\" role=\"group\" aria-roledescription=\"slide\" aria-label=\"3 de 3\"><figure class=\"swiper-slide-inner\"><img decoding=\"async\" class=\"swiper-slide-image\" src=\"https:\/\/cndesge.org\/wp-content\/uploads\/2025\/12\/IMG_2803-scaled.jpeg\" alt=\"IMG_2803\" \/><\/figure><\/div>\t\t\t<\/div>\n\t\t\t\t\t\t\t\t\t\t\t\t<div class=\"elementor-swiper-button elementor-swiper-button-prev\" role=\"button\" tabindex=\"0\">\n\t\t\t\t\t\t<svg aria-hidden=\"true\" class=\"e-font-icon-svg e-eicon-chevron-left\" viewBox=\"0 0 1000 1000\" xmlns=\"http:\/\/www.w3.org\/2000\/svg\"><path d=\"M646 125C629 125 613 133 604 142L308 442C296 454 292 471 292 487 292 504 296 521 308 533L604 854C617 867 629 875 646 875 663 875 679 871 692 858 704 846 713 829 713 812 713 796 708 779 692 767L438 487 692 225C700 217 708 204 708 187 708 171 704 154 692 142 675 129 663 125 646 125Z\"><\/path><\/svg>\t\t\t\t\t<\/div>\n\t\t\t\t\t<div class=\"elementor-swiper-button elementor-swiper-button-next\" role=\"button\" tabindex=\"0\">\n\t\t\t\t\t\t<svg aria-hidden=\"true\" class=\"e-font-icon-svg e-eicon-chevron-right\" viewBox=\"0 0 1000 1000\" xmlns=\"http:\/\/www.w3.org\/2000\/svg\"><path d=\"M696 533C708 521 713 504 713 487 713 471 708 454 696 446L400 146C388 133 375 125 354 125 338 125 325 129 313 142 300 154 292 171 292 187 292 204 296 221 308 233L563 492 304 771C292 783 288 800 288 817 288 833 296 850 308 863 321 871 338 875 354 875 371 875 388 867 400 854L696 533Z\"><\/path><\/svg>\t\t\t\t\t<\/div>\n\t\t\t\t\n\t\t\t\t\t\t\t\t\t<\/div>\n\t\t\t\t\t\t<\/div>\n\t\t\t\t<\/div>\n\t\t\t\t\t<\/div>\n\t\t\t\t<\/div>\n\t\t\t\t<\/div>\n\t\t","protected":false},"excerpt":{"rendered":"<p>El Consejo Nacional para el Desarrollo Econ\u00f3mico y Social (CNDES) destaca en Ad\u00eds Abeba y logra la Vicepresidencia Primera delComit\u00e9 de Pol\u00edtica Social, Pobreza y G\u00e9nero de la Comisi\u00f3n Econ\u00f3mica de la para \u00c1frica (ECA) para el per\u00edodo 2025-2027. Una delegaci\u00f3n del Consejo Nacional para el Desarrollo Econ\u00f3mico y Social (CNDES) de Guinea Ecuatorial encabezadaLeer m\u00e1s &#8230;<\/p>\n","protected":false},"author":1,"featured_media":12752,"comment_status":"closed","ping_status":"closed","sticky":false,"template":"","format":"standard","meta":{"footnotes":""},"categories":[84,83],"tags":[],"class_list":["post-12751","post","type-post","status-publish","format-standard","has-post-thumbnail","hentry","category-traveling","category-city-news"],"_links":{"self":[{"href":"https:\/\/cndesge.org\/index.php?rest_route=\/wp\/v2\/posts\/12751","targetHints":{"allow":["GET"]}}],"collection":[{"href":"https:\/\/cndesge.org\/index.php?rest_route=\/wp\/v2\/posts"}],"about":[{"href":"https:\/\/cndesge.org\/index.php?rest_route=\/wp\/v2\/types\/post"}],"author":[{"embeddable":true,"href":"https:\/\/cndesge.org\/index.php?rest_route=\/wp\/v2\/users\/1"}],"replies":[{"embeddable":true,"href":"https:\/\/cndesge.org\/index.php?rest_route=%2Fwp%2Fv2%2Fcomments&post=12751"}],"version-history":[{"count":8,"href":"https:\/\/cndesge.org\/index.php?rest_route=\/wp\/v2\/posts\/12751\/revisions"}],"predecessor-version":[{"id":12785,"href":"https:\/\/cndesge.org\/index.php?rest_route=\/wp\/v2\/posts\/12751\/revisions\/12785"}],"wp:featuredmedia":[{"embeddable":true,"href":"https:\/\/cndesge.org\/index.php?rest_route=\/wp\/v2\/media\/12752"}],"wp:attachment":[{"href":"https:\/\/cndesge.org\/index.php?rest_route=%2Fwp%2Fv2%2Fmedia&parent=12751"}],"wp:term":[{"taxonomy":"category","embeddable":true,"href":"https:\/\/cndesge.org\/index.php?rest_route=%2Fwp%2Fv2%2Fcategories&post=12751"},{"taxonomy":"post_tag","embeddable":true,"href":"https:\/\/cndesge.org\/index.php?rest_route=%2Fwp%2Fv2%2Ftags&post=12751"}],"curies":[{"name":"wp","href":"https:\/\/api.w.org\/{rel}","templated":true}]}}