{"id":12511,"date":"2025-11-14T19:43:39","date_gmt":"2025-11-14T19:43:39","guid":{"rendered":"https:\/\/cndesge.org\/?p=12511"},"modified":"2025-11-14T19:44:11","modified_gmt":"2025-11-14T19:44:11","slug":"12511","status":"publish","type":"post","link":"https:\/\/cndesge.org\/?p=12511","title":{"rendered":"Reuni\u00f3n de concertaci\u00f3n entre el CNDES y el Ministerio de Igualdad de G\u00e9nero, Asuntos Sociales y Artesan\u00eda de cara a la elaboraci\u00f3n de la Memoria Anual 2025 sobre la situaci\u00f3n socioecon\u00f3mica del Pa\u00eds."},"content":{"rendered":"<blockquote><p>En el marco de las reuniones interinstitucionales para la elaboraci\u00f3n de la Memoria Anual 2025, el CNDES ha celebrado una reuni\u00f3n de concertaci\u00f3n presidida por la Vicepresidenta Primera, Excma. Sra. Mar\u00eda del Mar Bonkanka Tabares, con la delegaci\u00f3n del Ministerio de Igualdad de G\u00e9nero, Asuntos Sociales y Artesan\u00eda.<\/p><\/blockquote>\n<p>La delegaci\u00f3n del Ministerio de Igualdad de G\u00e9nero, Asuntos Sociales y Artesan\u00eda, encabezada por su Ministra de Asuntos Sociales, la Excma. Sra. Do\u00f1a Mar\u00eda Consuelo Nguema Oyana, acompa\u00f1ada por la Viceministra, la Excma. Sra. Do\u00f1a Mar\u00eda del Pilar Madja Nvono Nsa, present\u00f3 los logros y desaf\u00edos de su cartera.<\/p>\n<p>Entre los puntos clave abordados destacan:<\/p>\n<ul>\n<li>Promoci\u00f3n de la igualdad de g\u00e9nero.<\/li>\n<li>Integraci\u00f3n de las mujeres en el sector productivo.<\/li>\n<li>Violencia de g\u00e9nero en el \u00e1mbito laboral.<\/li>\n<li>Emprendimiento femenino y fomento de la artesan\u00eda local.<\/li>\n<li>Coordinaci\u00f3n con AIMUGE.<\/li>\n<li>Inclusi\u00f3n social de la juventud.<\/li>\n<li>Participaci\u00f3n femenina en el empleo informal.<\/li>\n<li>Implementaci\u00f3n del Plan Nacional de Mujeres, Paz y Seguridad.<\/li>\n<\/ul>\n<p>El encuentro reafirm\u00f3 la importancia de la coordinaci\u00f3n interministerial para garantizar que la Memoria Anual 2025 refleje con rigor los avances sociales y el impacto positivo de las pol\u00edticas de igualdad en el pa\u00eds.<\/p>\n","protected":false},"excerpt":{"rendered":"<p>En el marco de las reuniones interinstitucionales para la elaboraci\u00f3n de la Memoria Anual 2025, el CNDES ha celebrado una reuni\u00f3n de concertaci\u00f3n presidida por la Vicepresidenta Primera, Excma. Sra. Mar\u00eda del Mar Bonkanka Tabares, con la delegaci\u00f3n del Ministerio de Igualdad de G\u00e9nero, Asuntos Sociales y Artesan\u00eda. La delegaci\u00f3n del Ministerio de Igualdad deLeer m\u00e1s &#8230;<\/p>\n","protected":false},"author":1,"featured_media":12512,"comment_status":"closed","ping_status":"closed","sticky":false,"template":"","format":"standard","meta":{"footnotes":""},"categories":[82,83],"tags":[],"class_list":["post-12511","post","type-post","status-publish","format-standard","has-post-thumbnail","hentry","category-bussiness","category-city-news"],"_links":{"self":[{"href":"https:\/\/cndesge.org\/index.php?rest_route=\/wp\/v2\/posts\/12511","targetHints":{"allow":["GET"]}}],"collection":[{"href":"https:\/\/cndesge.org\/index.php?rest_route=\/wp\/v2\/posts"}],"about":[{"href":"https:\/\/cndesge.org\/index.php?rest_route=\/wp\/v2\/types\/post"}],"author":[{"embeddable":true,"href":"https:\/\/cndesge.org\/index.php?rest_route=\/wp\/v2\/users\/1"}],"replies":[{"embeddable":true,"href":"https:\/\/cndesge.org\/index.php?rest_route=%2Fwp%2Fv2%2Fcomments&post=12511"}],"version-history":[{"count":2,"href":"https:\/\/cndesge.org\/index.php?rest_route=\/wp\/v2\/posts\/12511\/revisions"}],"predecessor-version":[{"id":12514,"href":"https:\/\/cndesge.org\/index.php?rest_route=\/wp\/v2\/posts\/12511\/revisions\/12514"}],"wp:featuredmedia":[{"embeddable":true,"href":"https:\/\/cndesge.org\/index.php?rest_route=\/wp\/v2\/media\/12512"}],"wp:attachment":[{"href":"https:\/\/cndesge.org\/index.php?rest_route=%2Fwp%2Fv2%2Fmedia&parent=12511"}],"wp:term":[{"taxonomy":"category","embeddable":true,"href":"https:\/\/cndesge.org\/index.php?rest_route=%2Fwp%2Fv2%2Fcategories&post=12511"},{"taxonomy":"post_tag","embeddable":true,"href":"https:\/\/cndesge.org\/index.php?rest_route=%2Fwp%2Fv2%2Ftags&post=12511"}],"curies":[{"name":"wp","href":"https:\/\/api.w.org\/{rel}","templated":true}]}}