{"id":12449,"date":"2025-11-11T21:05:13","date_gmt":"2025-11-11T21:05:13","guid":{"rendered":"https:\/\/cndesge.org\/?p=12449"},"modified":"2025-11-14T10:32:59","modified_gmt":"2025-11-14T10:32:59","slug":"reunion-de-concertacion-entre-el-cndes-y-el-ministerio-de-comercio-promocion-de-empresas-e-industrias-de-cara-a-la-elaboracion-de-la-memoria-anual-2025-sobre-la-situacion-socioeconomica-del-pais","status":"publish","type":"post","link":"https:\/\/cndesge.org\/?p=12449","title":{"rendered":"Reuni\u00f3n de concertaci\u00f3n entre el CNDES y el Ministerio de Comercio Promoci\u00f3n de Empresas e Industrias de cara a la elaboraci\u00f3n de la Memoria Anual 2025 sobre la situaci\u00f3n socioecon\u00f3mica del Pa\u00eds."},"content":{"rendered":"\t\t<div data-elementor-type=\"wp-post\" data-elementor-id=\"12449\" class=\"elementor elementor-12449\">\n\t\t\t\t<div class=\"elementor-element elementor-element-3c707091 e-flex e-con-boxed e-con e-parent\" data-id=\"3c707091\" data-element_type=\"container\" data-e-type=\"container\">\n\t\t\t\t\t<div class=\"e-con-inner\">\n\t\t\t\t<div class=\"elementor-element elementor-element-192177c6 elementor-widget elementor-widget-text-editor\" data-id=\"192177c6\" data-element_type=\"widget\" data-e-type=\"widget\" data-widget_type=\"text-editor.default\">\n\t\t\t\t<div class=\"elementor-widget-container\">\n\t\t\t\t\t\t\t\t\t<blockquote><p class=\"s12\">El Consejo Nacional para el Desarrollo Econ\u00f3mico y Social ha mantenido una reuni\u00f3n de concertaci\u00f3n con el Ministerio de Comercio Promoci\u00f3n de Empresas e Industrias, en el marco de los preparativos de la Memoria Anual 2025.<\/p><\/blockquote><p>La reuni\u00f3n ha sido presidida por la Excma. Sra.Vicepresidenta Primera, Mar\u00eda del Mar Bonkanka Tabares en representaci\u00f3n del presidente del CNDES.<\/p><p class=\"s12\">Esta reuni\u00f3n forma parte del ciclo anual de encuentros que el Consejo Nacional para el Desarrollo Econ\u00f3mico y Social realiza con los departamentos ministeriales \u00a0 de la Administraci\u00f3n P\u00fablica, Empresas y Entidades Estatales, Sector Privado y Sociedad Civil, para evaluar los resultados de la gesti\u00f3n correspondiente al ejercicio 2025 y coordinar los aportes para la memoria anual de la instituci\u00f3n sobre la situaci\u00f3n econ\u00f3mica, social, cultural, laboral y medio ambiental del pa\u00eds correspondiente al presente ejercicio econ\u00f3mico.<\/p><p class=\"s12\">Durante la sesi\u00f3n de trabajo ambas instituciones, han analizado de manera detallada varios puntos de inter\u00e9s entre los cuales se subraya: El Plan de Acci\u00f3n ministerial y programas estrat\u00e9gicos de la gesti\u00f3n industrial, avances en la ejecuci\u00f3n del Plan Nacional de Industrializaci\u00f3n y del Plan Estrat\u00e9gico de gesti\u00f3n Industrial (PEGI), Diversificaci\u00f3n y crecimiento del tejido productivo , sustituci\u00f3n de importaciones y producci\u00f3n nacional, el impacto de la agencia de certificaci\u00f3n y normalizaci\u00f3n de productos AGENOR en las exportaciones, as\u00ed como el marco regulatorio del ecosistema emprendedor entre otros.<\/p><blockquote><p class=\"s12\">La reuni\u00f3n celebrada entre ambas instituciones se desarroll\u00f3 en un ambiente de colaboraci\u00f3n y entendimiento mutuo, resultando altamente productivo y sentando las bases para futuras acciones conjuntas orientadas al beneficio com\u00fan.<\/p><\/blockquote>\t\t\t\t\t\t\t\t<\/div>\n\t\t\t\t<\/div>\n\t\t\t\t\t<\/div>\n\t\t\t\t<\/div>\n\t\t<div class=\"elementor-element elementor-element-2bdb960 e-flex e-con-boxed e-con e-parent\" data-id=\"2bdb960\" data-element_type=\"container\" data-e-type=\"container\">\n\t\t\t\t\t<div class=\"e-con-inner\">\n\t\t\t\t<div class=\"elementor-element elementor-element-79dc4de elementor-arrows-position-inside elementor-widget elementor-widget-image-carousel\" data-id=\"79dc4de\" data-element_type=\"widget\" data-e-type=\"widget\" data-settings=\"{&quot;slides_to_show&quot;:&quot;1&quot;,&quot;navigation&quot;:&quot;arrows&quot;,&quot;autoplay&quot;:&quot;yes&quot;,&quot;pause_on_hover&quot;:&quot;yes&quot;,&quot;pause_on_interaction&quot;:&quot;yes&quot;,&quot;autoplay_speed&quot;:5000,&quot;infinite&quot;:&quot;yes&quot;,&quot;effect&quot;:&quot;slide&quot;,&quot;speed&quot;:500}\" data-widget_type=\"image-carousel.default\">\n\t\t\t\t<div class=\"elementor-widget-container\">\n\t\t\t\t\t\t\t<div class=\"elementor-image-carousel-wrapper swiper\" role=\"region\" aria-roledescription=\"carousel\" aria-label=\"Carrusel de im\u00e1genes\" dir=\"ltr\">\n\t\t\t<div class=\"elementor-image-carousel swiper-wrapper\" aria-live=\"off\">\n\t\t\t\t\t\t\t\t<div class=\"swiper-slide\" role=\"group\" aria-roledescription=\"slide\" aria-label=\"1 de 10\"><figure class=\"swiper-slide-inner\"><img decoding=\"async\" class=\"swiper-slide-image\" src=\"https:\/\/cndesge.org\/wp-content\/uploads\/2025\/11\/IMG_1087.jpeg\" alt=\"IMG_1087\" \/><\/figure><\/div><div class=\"swiper-slide\" role=\"group\" aria-roledescription=\"slide\" aria-label=\"2 de 10\"><figure class=\"swiper-slide-inner\"><img decoding=\"async\" class=\"swiper-slide-image\" src=\"https:\/\/cndesge.org\/wp-content\/uploads\/2025\/11\/IMG_1088.jpeg\" alt=\"IMG_1088\" \/><\/figure><\/div><div class=\"swiper-slide\" role=\"group\" aria-roledescription=\"slide\" aria-label=\"3 de 10\"><figure class=\"swiper-slide-inner\"><img decoding=\"async\" class=\"swiper-slide-image\" src=\"https:\/\/cndesge.org\/wp-content\/uploads\/2025\/11\/IMG_1086.jpeg\" alt=\"IMG_1086\" \/><\/figure><\/div><div class=\"swiper-slide\" role=\"group\" aria-roledescription=\"slide\" aria-label=\"4 de 10\"><figure class=\"swiper-slide-inner\"><img decoding=\"async\" class=\"swiper-slide-image\" src=\"https:\/\/cndesge.org\/wp-content\/uploads\/2025\/11\/IMG_1089.jpeg\" alt=\"IMG_1089\" \/><\/figure><\/div><div class=\"swiper-slide\" role=\"group\" aria-roledescription=\"slide\" aria-label=\"5 de 10\"><figure class=\"swiper-slide-inner\"><img decoding=\"async\" class=\"swiper-slide-image\" src=\"https:\/\/cndesge.org\/wp-content\/uploads\/2025\/11\/IMG_1090.jpeg\" alt=\"IMG_1090\" \/><\/figure><\/div><div class=\"swiper-slide\" role=\"group\" aria-roledescription=\"slide\" aria-label=\"6 de 10\"><figure class=\"swiper-slide-inner\"><img decoding=\"async\" class=\"swiper-slide-image\" src=\"https:\/\/cndesge.org\/wp-content\/uploads\/2025\/11\/IMG_1092.jpeg\" alt=\"IMG_1092\" \/><\/figure><\/div><div class=\"swiper-slide\" role=\"group\" aria-roledescription=\"slide\" aria-label=\"7 de 10\"><figure class=\"swiper-slide-inner\"><img decoding=\"async\" class=\"swiper-slide-image\" src=\"https:\/\/cndesge.org\/wp-content\/uploads\/2025\/11\/IMG_1091.jpeg\" alt=\"IMG_1091\" \/><\/figure><\/div><div class=\"swiper-slide\" role=\"group\" aria-roledescription=\"slide\" aria-label=\"8 de 10\"><figure class=\"swiper-slide-inner\"><img decoding=\"async\" class=\"swiper-slide-image\" src=\"https:\/\/cndesge.org\/wp-content\/uploads\/2025\/11\/6e873c5b-55d9-44c8-9238-a9bf170d89b5.jpeg\" alt=\"6e873c5b-55d9-44c8-9238-a9bf170d89b5\" \/><\/figure><\/div><div class=\"swiper-slide\" role=\"group\" aria-roledescription=\"slide\" aria-label=\"9 de 10\"><figure class=\"swiper-slide-inner\"><img decoding=\"async\" class=\"swiper-slide-image\" src=\"https:\/\/cndesge.org\/wp-content\/uploads\/2025\/11\/de5c8322-4056-48af-ae57-f94f6fd1b369.jpeg\" alt=\"de5c8322-4056-48af-ae57-f94f6fd1b369\" \/><\/figure><\/div><div class=\"swiper-slide\" role=\"group\" aria-roledescription=\"slide\" aria-label=\"10 de 10\"><figure class=\"swiper-slide-inner\"><img decoding=\"async\" class=\"swiper-slide-image\" src=\"https:\/\/cndesge.org\/wp-content\/uploads\/2025\/11\/c90efb2d-3d5f-4070-98ab-60acf86d39ba.jpeg\" alt=\"c90efb2d-3d5f-4070-98ab-60acf86d39ba\" \/><\/figure><\/div>\t\t\t<\/div>\n\t\t\t\t\t\t\t\t\t\t\t\t<div class=\"elementor-swiper-button elementor-swiper-button-prev\" role=\"button\" tabindex=\"0\">\n\t\t\t\t\t\t<svg aria-hidden=\"true\" class=\"e-font-icon-svg e-eicon-chevron-left\" viewBox=\"0 0 1000 1000\" xmlns=\"http:\/\/www.w3.org\/2000\/svg\"><path d=\"M646 125C629 125 613 133 604 142L308 442C296 454 292 471 292 487 292 504 296 521 308 533L604 854C617 867 629 875 646 875 663 875 679 871 692 858 704 846 713 829 713 812 713 796 708 779 692 767L438 487 692 225C700 217 708 204 708 187 708 171 704 154 692 142 675 129 663 125 646 125Z\"><\/path><\/svg>\t\t\t\t\t<\/div>\n\t\t\t\t\t<div class=\"elementor-swiper-button elementor-swiper-button-next\" role=\"button\" tabindex=\"0\">\n\t\t\t\t\t\t<svg aria-hidden=\"true\" class=\"e-font-icon-svg e-eicon-chevron-right\" viewBox=\"0 0 1000 1000\" xmlns=\"http:\/\/www.w3.org\/2000\/svg\"><path d=\"M696 533C708 521 713 504 713 487 713 471 708 454 696 446L400 146C388 133 375 125 354 125 338 125 325 129 313 142 300 154 292 171 292 187 292 204 296 221 308 233L563 492 304 771C292 783 288 800 288 817 288 833 296 850 308 863 321 871 338 875 354 875 371 875 388 867 400 854L696 533Z\"><\/path><\/svg>\t\t\t\t\t<\/div>\n\t\t\t\t\n\t\t\t\t\t\t\t\t\t<\/div>\n\t\t\t\t\t\t<\/div>\n\t\t\t\t<\/div>\n\t\t\t\t\t<\/div>\n\t\t\t\t<\/div>\n\t\t\t\t<\/div>\n\t\t","protected":false},"excerpt":{"rendered":"<p>El Consejo Nacional para el Desarrollo Econ\u00f3mico y Social ha mantenido una reuni\u00f3n de concertaci\u00f3n con el Ministerio de Comercio Promoci\u00f3n de Empresas e Industrias, en el marco de los preparativos de la Memoria Anual 2025. La reuni\u00f3n ha sido presidida por la Excma. Sra.Vicepresidenta Primera, Mar\u00eda del Mar Bonkanka Tabares en representaci\u00f3n del presidenteLeer m\u00e1s &#8230;<\/p>\n","protected":false},"author":1,"featured_media":12456,"comment_status":"closed","ping_status":"closed","sticky":false,"template":"","format":"standard","meta":{"footnotes":""},"categories":[82,83],"tags":[],"class_list":["post-12449","post","type-post","status-publish","format-standard","has-post-thumbnail","hentry","category-bussiness","category-city-news"],"_links":{"self":[{"href":"https:\/\/cndesge.org\/index.php?rest_route=\/wp\/v2\/posts\/12449","targetHints":{"allow":["GET"]}}],"collection":[{"href":"https:\/\/cndesge.org\/index.php?rest_route=\/wp\/v2\/posts"}],"about":[{"href":"https:\/\/cndesge.org\/index.php?rest_route=\/wp\/v2\/types\/post"}],"author":[{"embeddable":true,"href":"https:\/\/cndesge.org\/index.php?rest_route=\/wp\/v2\/users\/1"}],"replies":[{"embeddable":true,"href":"https:\/\/cndesge.org\/index.php?rest_route=%2Fwp%2Fv2%2Fcomments&post=12449"}],"version-history":[{"count":11,"href":"https:\/\/cndesge.org\/index.php?rest_route=\/wp\/v2\/posts\/12449\/revisions"}],"predecessor-version":[{"id":12509,"href":"https:\/\/cndesge.org\/index.php?rest_route=\/wp\/v2\/posts\/12449\/revisions\/12509"}],"wp:featuredmedia":[{"embeddable":true,"href":"https:\/\/cndesge.org\/index.php?rest_route=\/wp\/v2\/media\/12456"}],"wp:attachment":[{"href":"https:\/\/cndesge.org\/index.php?rest_route=%2Fwp%2Fv2%2Fmedia&parent=12449"}],"wp:term":[{"taxonomy":"category","embeddable":true,"href":"https:\/\/cndesge.org\/index.php?rest_route=%2Fwp%2Fv2%2Fcategories&post=12449"},{"taxonomy":"post_tag","embeddable":true,"href":"https:\/\/cndesge.org\/index.php?rest_route=%2Fwp%2Fv2%2Ftags&post=12449"}],"curies":[{"name":"wp","href":"https:\/\/api.w.org\/{rel}","templated":true}]}}