{"id":12432,"date":"2025-11-07T08:31:46","date_gmt":"2025-11-07T08:31:46","guid":{"rendered":"https:\/\/cndesge.org\/?p=12432"},"modified":"2025-11-07T08:36:36","modified_gmt":"2025-11-07T08:36:36","slug":"una-delegacion-del-cndes-participa-en-la-segunda-cumbre-mundial-sobre-desarrollo-social-en-doha-catar","status":"publish","type":"post","link":"https:\/\/cndesge.org\/?p=12432","title":{"rendered":"Una delegaci\u00f3n del CNDES participa en la Segunda Cumbre Mundial sobre Desarrollo Social en Doha (Catar)"},"content":{"rendered":"\t\t<div data-elementor-type=\"wp-post\" data-elementor-id=\"12432\" class=\"elementor elementor-12432\">\n\t\t\t\t<div class=\"elementor-element elementor-element-749489df e-flex e-con-boxed e-con e-parent\" data-id=\"749489df\" data-element_type=\"container\" data-e-type=\"container\">\n\t\t\t\t\t<div class=\"e-con-inner\">\n\t\t\t\t<div class=\"elementor-element elementor-element-4c334bf7 elementor-widget elementor-widget-text-editor\" data-id=\"4c334bf7\" data-element_type=\"widget\" data-e-type=\"widget\" data-widget_type=\"text-editor.default\">\n\t\t\t\t<div class=\"elementor-widget-container\">\n\t\t\t\t\t\t\t\t\t<p class=\"s27\"><span class=\"s26\"><span class=\"bumpedFont15\">La delegaci\u00f3n del Consejo Nacional de Desarrollo Econ\u00f3mico y Social (CNDES) de la Rep\u00fablica de Guinea Ecuatorial<\/span><\/span><span class=\"s26\"><span class=\"bumpedFont15\">, encabezada por la Excma. Sra. D\u00f1a. Bindang Ndong Okiri, Miembro encargado del Sector Social, a quien acompa\u00f1\u00f3 don Lu\u00eds Ram\u00f3n Ondo <\/span><\/span><span class=\"s26\"><span class=\"bumpedFont15\">Mifumu<\/span><\/span><span class=\"s26\"><span class=\"bumpedFont15\">, t\u00e9cnico; <\/span><\/span><span class=\"s26\"><span class=\"bumpedFont15\">particip\u00f3 en la Segunda Cumbre Mundial sobre Desarrollo Social, celebrada en Doha, Estado de <\/span><\/span><span class=\"s26\"><span class=\"bumpedFont15\">C<\/span><\/span><span class=\"s26\"><span class=\"bumpedFont15\">atar, del 4 al 6 de noviembre de 2025, bajo el auspicio de la Organizaci\u00f3n de las Naciones Unidas (ONU).<\/span><\/span><\/p>\r\n\r\n<blockquote>\r\n<p class=\"s27\"><span class=\"s26\"><span class=\"bumpedFont15\">El encuentro reuni\u00f3 a Jefes de Estado, representantes gubernamentales y organismos internacionales para renovar los compromisos asumidos en la Declaraci\u00f3n y el Programa de Acci\u00f3n de Copenhague de 1995, impulsando un nuevo marco global orientado a fortalecer la justicia social, la inclusi\u00f3n y el desarrollo sostenible.<\/span><\/span><\/p>\r\n<\/blockquote>\r\n<p class=\"s27\"><span class=\"s26\"><span class=\"bumpedFont15\">El Primer Ministro del Gobierno, en representaci\u00f3n del Jefe de Estado, <\/span><\/span><span class=\"s26\"><span class=\"bumpedFont15\">destac\u00f3 <\/span><\/span><span class=\"s26\"><span class=\"bumpedFont15\">en su discurso <\/span><\/span><span class=\"s26\"><span class=\"bumpedFont15\">los avances del pa\u00eds en la lucha contra la pobreza, la promoci\u00f3n del empleo decente, la protecci\u00f3n social y la igualdad de oportunidades, reafirmando su compromiso<\/span><\/span><span class=\"s26\"><span class=\"bumpedFont15\"> con el mantenimiento de la paz para lograr un desarrollo sostenible<\/span><\/span><span class=\"s26\"><span class=\"bumpedFont15\">. <\/span><\/span><span class=\"s26\"><span class=\"bumpedFont15\">Asimismo, subray\u00f3 la importancia de consolidar un multilateralismo solidario y eficaz que <\/span><\/span><span class=\"s26\"><span class=\"bumpedFont15\">respete las experiencias locales y potencie soluciones que surjan de las realidades de<\/span><\/span><span class=\"s26\"><span class=\"bumpedFont15\"> las naciones africanas<\/span><\/span><span class=\"s26\"><span class=\"bumpedFont15\">.<\/span><\/span><\/p>\r\n<p class=\"s27\"><span class=\"s26\"><span class=\"bumpedFont15\">La Declaraci\u00f3n Pol\u00edtica de Doha, adoptada al cierre de la Cumbre, llama a la acci\u00f3n global para construir sociedades m\u00e1s justas e inclusivas,<\/span><\/span><span class=\"s26\"><span class=\"bumpedFont15\">fortalecer<\/span><\/span><span class=\"s26\"><span class=\"bumpedFont15\"> los sistemas de protecci\u00f3n social<\/span><\/span><span class=\"s26\"><span class=\"bumpedFont15\">,<\/span><\/span><span class=\"s26\"><span class=\"bumpedFont15\">promover la igualdad de g\u00e9nero, reducir las brechas digitales y garantizar el acceso universal a la educaci\u00f3n, la salud y la vivienda digna.<\/span><\/span><\/p>\r\n\r\n<blockquote>\r\n<p class=\"s27\"><span class=\"s26\"><span class=\"bumpedFont15\">El CNDES valor<\/span><\/span><span class=\"s26\"><span class=\"bumpedFont15\">a<\/span><\/span><span class=\"s26\"><span class=\"bumpedFont15\"> especialmente la decisi\u00f3n de establecer un mecanismo de seguimiento quinquenal para evaluar <\/span><\/span><span class=\"s26\"><span class=\"bumpedFont15\">los avances y desaf\u00edos en la implementaci\u00f3n de los compromisos adoptados<\/span><\/span><span class=\"s26\"><span class=\"bumpedFont15\">, lo que permitir\u00e1 fortalecer las pol\u00edticas p\u00fablicas y la cooperaci\u00f3n internacional.<\/span><\/span><\/p>\r\n<\/blockquote>\r\n<p class=\"s27\"><span class=\"s26\"><span class=\"bumpedFont15\">Con su participaci\u00f3n en Doha, Guinea Ecuatorial reafirma su compromiso con el desarrollo humano integral, la justicia social y la solidaridad internacional, elementos esenciales para garantizar un futuro de prosperidad compartida en \u00c1frica y el mundo.<\/span><\/span><\/p>\t\t\t\t\t\t\t\t<\/div>\n\t\t\t\t<\/div>\n\t\t\t\t\t<\/div>\n\t\t\t\t<\/div>\n\t\t<div class=\"elementor-element elementor-element-2587630 e-flex e-con-boxed e-con e-parent\" data-id=\"2587630\" data-element_type=\"container\" data-e-type=\"container\">\n\t\t\t\t\t<div class=\"e-con-inner\">\n\t\t\t\t<div class=\"elementor-element elementor-element-2b5745a elementor-arrows-position-inside elementor-widget elementor-widget-image-carousel\" data-id=\"2b5745a\" data-element_type=\"widget\" data-e-type=\"widget\" data-settings=\"{&quot;slides_to_show&quot;:&quot;1&quot;,&quot;navigation&quot;:&quot;arrows&quot;,&quot;autoplay&quot;:&quot;yes&quot;,&quot;pause_on_hover&quot;:&quot;yes&quot;,&quot;pause_on_interaction&quot;:&quot;yes&quot;,&quot;autoplay_speed&quot;:5000,&quot;infinite&quot;:&quot;yes&quot;,&quot;effect&quot;:&quot;slide&quot;,&quot;speed&quot;:500}\" data-widget_type=\"image-carousel.default\">\n\t\t\t\t<div class=\"elementor-widget-container\">\n\t\t\t\t\t\t\t<div class=\"elementor-image-carousel-wrapper swiper\" role=\"region\" aria-roledescription=\"carousel\" aria-label=\"Carrusel de im\u00e1genes\" dir=\"ltr\">\n\t\t\t<div class=\"elementor-image-carousel swiper-wrapper\" aria-live=\"off\">\n\t\t\t\t\t\t\t\t<div class=\"swiper-slide\" role=\"group\" aria-roledescription=\"slide\" aria-label=\"1 de 7\"><figure class=\"swiper-slide-inner\"><img decoding=\"async\" class=\"swiper-slide-image\" src=\"https:\/\/cndesge.org\/wp-content\/uploads\/2025\/11\/IMG_0964-1.jpeg\" alt=\"IMG_0964\" \/><\/figure><\/div><div class=\"swiper-slide\" role=\"group\" aria-roledescription=\"slide\" aria-label=\"2 de 7\"><figure class=\"swiper-slide-inner\"><img decoding=\"async\" class=\"swiper-slide-image\" src=\"https:\/\/cndesge.org\/wp-content\/uploads\/2025\/11\/IMG_0961.jpeg\" alt=\"IMG_0961\" \/><\/figure><\/div><div class=\"swiper-slide\" role=\"group\" aria-roledescription=\"slide\" aria-label=\"3 de 7\"><figure class=\"swiper-slide-inner\"><img decoding=\"async\" class=\"swiper-slide-image\" src=\"https:\/\/cndesge.org\/wp-content\/uploads\/2025\/11\/IMG_0973.jpeg\" alt=\"IMG_0973\" \/><\/figure><\/div><div class=\"swiper-slide\" role=\"group\" aria-roledescription=\"slide\" aria-label=\"4 de 7\"><figure class=\"swiper-slide-inner\"><img decoding=\"async\" class=\"swiper-slide-image\" src=\"https:\/\/cndesge.org\/wp-content\/uploads\/2025\/11\/IMG_0977.jpeg\" alt=\"IMG_0977\" \/><\/figure><\/div><div class=\"swiper-slide\" role=\"group\" aria-roledescription=\"slide\" aria-label=\"5 de 7\"><figure class=\"swiper-slide-inner\"><img decoding=\"async\" class=\"swiper-slide-image\" src=\"https:\/\/cndesge.org\/wp-content\/uploads\/2025\/11\/IMG_0974.jpeg\" alt=\"IMG_0974\" \/><\/figure><\/div><div class=\"swiper-slide\" role=\"group\" aria-roledescription=\"slide\" aria-label=\"6 de 7\"><figure class=\"swiper-slide-inner\"><img decoding=\"async\" class=\"swiper-slide-image\" src=\"https:\/\/cndesge.org\/wp-content\/uploads\/2025\/11\/IMG_0976.jpeg\" alt=\"IMG_0976\" \/><\/figure><\/div><div class=\"swiper-slide\" role=\"group\" aria-roledescription=\"slide\" aria-label=\"7 de 7\"><figure class=\"swiper-slide-inner\"><img decoding=\"async\" class=\"swiper-slide-image\" src=\"https:\/\/cndesge.org\/wp-content\/uploads\/2025\/11\/IMG_0975.jpeg\" alt=\"IMG_0975\" \/><\/figure><\/div>\t\t\t<\/div>\n\t\t\t\t\t\t\t\t\t\t\t\t<div class=\"elementor-swiper-button elementor-swiper-button-prev\" role=\"button\" tabindex=\"0\">\n\t\t\t\t\t\t<svg aria-hidden=\"true\" class=\"e-font-icon-svg e-eicon-chevron-left\" viewBox=\"0 0 1000 1000\" xmlns=\"http:\/\/www.w3.org\/2000\/svg\"><path d=\"M646 125C629 125 613 133 604 142L308 442C296 454 292 471 292 487 292 504 296 521 308 533L604 854C617 867 629 875 646 875 663 875 679 871 692 858 704 846 713 829 713 812 713 796 708 779 692 767L438 487 692 225C700 217 708 204 708 187 708 171 704 154 692 142 675 129 663 125 646 125Z\"><\/path><\/svg>\t\t\t\t\t<\/div>\n\t\t\t\t\t<div class=\"elementor-swiper-button elementor-swiper-button-next\" role=\"button\" tabindex=\"0\">\n\t\t\t\t\t\t<svg aria-hidden=\"true\" class=\"e-font-icon-svg e-eicon-chevron-right\" viewBox=\"0 0 1000 1000\" xmlns=\"http:\/\/www.w3.org\/2000\/svg\"><path d=\"M696 533C708 521 713 504 713 487 713 471 708 454 696 446L400 146C388 133 375 125 354 125 338 125 325 129 313 142 300 154 292 171 292 187 292 204 296 221 308 233L563 492 304 771C292 783 288 800 288 817 288 833 296 850 308 863 321 871 338 875 354 875 371 875 388 867 400 854L696 533Z\"><\/path><\/svg>\t\t\t\t\t<\/div>\n\t\t\t\t\n\t\t\t\t\t\t\t\t\t<\/div>\n\t\t\t\t\t\t<\/div>\n\t\t\t\t<\/div>\n\t\t\t\t\t<\/div>\n\t\t\t\t<\/div>\n\t\t\t\t<\/div>\n\t\t","protected":false},"excerpt":{"rendered":"<p>La delegaci\u00f3n del Consejo Nacional de Desarrollo Econ\u00f3mico y Social (CNDES) de la Rep\u00fablica de Guinea Ecuatorial, encabezada por la Excma. Sra. D\u00f1a. Bindang Ndong Okiri, Miembro encargado del Sector Social, a quien acompa\u00f1\u00f3 don Lu\u00eds Ram\u00f3n Ondo Mifumu, t\u00e9cnico; particip\u00f3 en la Segunda Cumbre Mundial sobre Desarrollo Social, celebrada en Doha, Estado de Catar,Leer m\u00e1s &#8230;<\/p>\n","protected":false},"author":1,"featured_media":12433,"comment_status":"closed","ping_status":"closed","sticky":false,"template":"","format":"standard","meta":{"footnotes":""},"categories":[84,83],"tags":[],"class_list":["post-12432","post","type-post","status-publish","format-standard","has-post-thumbnail","hentry","category-traveling","category-city-news"],"_links":{"self":[{"href":"https:\/\/cndesge.org\/index.php?rest_route=\/wp\/v2\/posts\/12432","targetHints":{"allow":["GET"]}}],"collection":[{"href":"https:\/\/cndesge.org\/index.php?rest_route=\/wp\/v2\/posts"}],"about":[{"href":"https:\/\/cndesge.org\/index.php?rest_route=\/wp\/v2\/types\/post"}],"author":[{"embeddable":true,"href":"https:\/\/cndesge.org\/index.php?rest_route=\/wp\/v2\/users\/1"}],"replies":[{"embeddable":true,"href":"https:\/\/cndesge.org\/index.php?rest_route=%2Fwp%2Fv2%2Fcomments&post=12432"}],"version-history":[{"count":6,"href":"https:\/\/cndesge.org\/index.php?rest_route=\/wp\/v2\/posts\/12432\/revisions"}],"predecessor-version":[{"id":12447,"href":"https:\/\/cndesge.org\/index.php?rest_route=\/wp\/v2\/posts\/12432\/revisions\/12447"}],"wp:featuredmedia":[{"embeddable":true,"href":"https:\/\/cndesge.org\/index.php?rest_route=\/wp\/v2\/media\/12433"}],"wp:attachment":[{"href":"https:\/\/cndesge.org\/index.php?rest_route=%2Fwp%2Fv2%2Fmedia&parent=12432"}],"wp:term":[{"taxonomy":"category","embeddable":true,"href":"https:\/\/cndesge.org\/index.php?rest_route=%2Fwp%2Fv2%2Fcategories&post=12432"},{"taxonomy":"post_tag","embeddable":true,"href":"https:\/\/cndesge.org\/index.php?rest_route=%2Fwp%2Fv2%2Ftags&post=12432"}],"curies":[{"name":"wp","href":"https:\/\/api.w.org\/{rel}","templated":true}]}}