{"id":12036,"date":"2025-09-23T07:39:57","date_gmt":"2025-09-23T07:39:57","guid":{"rendered":"https:\/\/cndesge.org\/?p=12036"},"modified":"2025-09-23T16:35:24","modified_gmt":"2025-09-23T16:35:24","slug":"presentacion-de-los-vicepresidentes-nuevos-miembros-y-directores-generales-nombrados-en-el-consejo-nacional-para-el-desarrollo-economico-y-social","status":"publish","type":"post","link":"https:\/\/cndesge.org\/?p=12036","title":{"rendered":"Presentaci\u00f3n de los Excmos. Vicepresidentes,  nuevos Miembros, Consejeros y Directores Generales nombrados en el Consejo Nacional para el Desarrollo Econ\u00f3mico y Social."},"content":{"rendered":"<p class=\"s11\"><span class=\"s10\"><span class=\"bumpedFont15\">El 19 de septiembre el <\/span><\/span><span class=\"s10\"><span class=\"bumpedFont15\">Jefe <\/span><\/span><span class=\"s10\"><span class=\"bumpedFont15\">de <\/span><\/span><span class=\"s10\"><span class=\"bumpedFont15\">Estado<\/span><\/span><span class=\"s10\"><span class=\"bumpedFont15\"> y de <\/span><\/span><span class=\"s10\"><span class=\"bumpedFont15\">Gobierno S.E. <\/span><\/span><span class=\"s10\"><span class=\"bumpedFont15\">Obiang <\/span><\/span><span class=\"s10\"><span class=\"bumpedFont15\">N<\/span><\/span><span class=\"s10\"><span class=\"bumpedFont15\">guema <\/span><\/span><span class=\"s10\"><span class=\"bumpedFont15\">M<\/span><\/span><span class=\"s10\"><span class=\"bumpedFont15\">basogo<\/span><\/span><span class=\"s10\"><span class=\"bumpedFont15\">, ha <\/span><\/span><span class=\"s10\"><span class=\"bumpedFont15\">d<\/span><\/span><span class=\"s10\"><span class=\"bumpedFont15\">ecretado<\/span><\/span><span class=\"s10\"><span class=\"bumpedFont15\"> nuevos nombramientos en el <\/span><\/span><span class=\"s10\"><span class=\"bumpedFont15\">C<\/span><\/span><span class=\"s10\"><span class=\"bumpedFont15\">onsejo <\/span><\/span><span class=\"s10\"><span class=\"bumpedFont15\">Nacional para el Desarrollo<\/span><\/span><span class=\"s10\"><span class=\"bumpedFont15\">E<\/span><\/span><span class=\"s10\"><span class=\"bumpedFont15\">con\u00f3mico y <\/span><\/span><span class=\"s10\"><span class=\"bumpedFont15\">S<\/span><\/span><span class=\"s10\"><span class=\"bumpedFont15\">ocial, <\/span><\/span><span class=\"s10\"><span class=\"bumpedFont15\">para <\/span><\/span><span class=\"s10\"><span class=\"bumpedFont15\">llevar la<\/span><\/span><span class=\"s10\"><span class=\"bumpedFont15\"> gesti\u00f3n administrativa en esta alta instituci\u00f3n del estado.<\/span><\/span><\/p>\n<p class=\"s11\"><span class=\"s10\"><span class=\"bumpedFont15\">Este<\/span><\/span><span class=\"s10\"><span class=\"bumpedFont15\"> acto <\/span><\/span><span class=\"s10\"><span class=\"bumpedFont15\">de presentaci\u00f3n y concertaci\u00f3n de <\/span><\/span><span class=\"s10\"><span class=\"bumpedFont15\">los<\/span><\/span><span class=\"s10\"><span class=\"bumpedFont15\"> nuevos <\/span><\/span><span class=\"s10\"><span class=\"bumpedFont15\">nombrados ha sido presidido<\/span><\/span><span class=\"s10\"><span class=\"bumpedFont15\"> por el <\/span><\/span><span class=\"s10\"><span class=\"bumpedFont15\">Presidente <\/span><\/span><span class=\"s10\"><span class=\"bumpedFont15\">de <\/span><\/span><span class=\"s10\"><span class=\"bumpedFont15\">la<\/span><\/span><span class=\"s10\"><span class=\"bumpedFont15\"> instituci\u00f3n, <\/span><\/span><span class=\"s10\"><span class=\"bumpedFont15\">el Excmo. Sr <\/span><\/span><span class=\"s10\"><span class=\"bumpedFont15\">. <\/span><\/span><span class=\"s10\"><span class=\"bumpedFont15\">Marcelino Owono <\/span><\/span><span class=\"s10\"><span class=\"bumpedFont15\">Edu<\/span><\/span><span class=\"s10\"><span class=\"bumpedFont15\">.<\/span><\/span><\/p>\n<p class=\"s11\"><span class=\"s10\"><span class=\"bumpedFont15\">L<\/span><\/span><span class=\"s10\"><span class=\"bumpedFont15\">os antes Miembros , la Excma. Sra <\/span><\/span><span class=\"s10\"><span class=\"bumpedFont15\">M<\/span><\/span><span class=\"s10\"><span class=\"bumpedFont15\">ar\u00eda del <\/span><\/span><span class=\"s10\"><span class=\"bumpedFont15\">M<\/span><\/span><span class=\"s10\"><span class=\"bumpedFont15\">ar <\/span><\/span><span class=\"s10\"><span class=\"bumpedFont15\">B<\/span><\/span><span class=\"s10\"><span class=\"bumpedFont15\">okanka<\/span><\/span> <span class=\"s10\"><span class=\"bumpedFont15\">Tabares y<\/span><\/span><span class=\"s10\"><span class=\"bumpedFont15\"> el Excmo. Sr. <\/span><\/span><span class=\"s10\"><span class=\"bumpedFont15\">L<\/span><\/span><span class=\"s10\"><span class=\"bumpedFont15\">eoncio <\/span><\/span><span class=\"s10\"><span class=\"bumpedFont15\">A<\/span><\/span><span class=\"s10\"><span class=\"bumpedFont15\">mada <\/span><\/span><span class=\"s10\"><span class=\"bumpedFont15\">N<\/span><\/span><span class=\"s10\"><span class=\"bumpedFont15\">ze, han sido presentados este lunes en la instituci\u00f3n, como <\/span><\/span><span class=\"s10\"><span class=\"bumpedFont15\">Vicepresidenta<\/span><\/span> <span class=\"s10\"><span class=\"bumpedFont15\">P<\/span><\/span><span class=\"s10\"><span class=\"bumpedFont15\">rimera y <\/span><\/span><span class=\"s10\"><span class=\"bumpedFont15\">Vicepresidente<\/span><\/span><span class=\"s10\"><span class=\"bumpedFont15\">S<\/span><\/span><span class=\"s10\"><span class=\"bumpedFont15\">egundo del CNDES, nombrados el 19 del presente mes de septiembre, por el <\/span><\/span><span class=\"s10\"><span class=\"bumpedFont15\">Jefe<\/span><\/span><span class=\"s10\"><span class=\"bumpedFont15\"> de <\/span><\/span><span class=\"s10\"><span class=\"bumpedFont15\">E<\/span><\/span><span class=\"s10\"><span class=\"bumpedFont15\">stado <\/span><\/span><span class=\"s10\"><span class=\"bumpedFont15\">S.E. <\/span><\/span><span class=\"s10\"><span class=\"bumpedFont15\">Obiang <\/span><\/span><span class=\"s10\"><span class=\"bumpedFont15\">N<\/span><\/span><span class=\"s10\"><span class=\"bumpedFont15\">guema <\/span><\/span><span class=\"s10\"><span class=\"bumpedFont15\">M<\/span><\/span><span class=\"s10\"><span class=\"bumpedFont15\">basogo<\/span><\/span><span class=\"s10\"><span class=\"bumpedFont15\">, <\/span><\/span><span class=\"s10\"><span class=\"bumpedFont15\">P<\/span><\/span><span class=\"s10\"><span class=\"bumpedFont15\">residente de la <\/span><\/span><span class=\"s10\"><span class=\"bumpedFont15\">Rep\u00fablica<\/span><\/span><span class=\"s10\"><span class=\"bumpedFont15\"> de <\/span><\/span><span class=\"s10\"><span class=\"bumpedFont15\">G<\/span><\/span><span class=\"s10\"><span class=\"bumpedFont15\">uinea <\/span><\/span><span class=\"s10\"><span class=\"bumpedFont15\">E<\/span><\/span><span class=\"s10\"><span class=\"bumpedFont15\">cuatorial.<\/span><\/span><\/p>\n<p class=\"s11\"><span class=\"s10\"><span class=\"bumpedFont15\">Tambi\u00e9n han sido presentados en esta reuni\u00f3n como <\/span><\/span><span class=\"s10\"><span class=\"bumpedFont15\">nueva <\/span><\/span><span class=\"s10\"><span class=\"bumpedFont15\">Miembro <\/span><\/span><span class=\"s10\"><span class=\"bumpedFont15\">, <\/span><\/span><span class=\"s10\"><span class=\"bumpedFont15\">La Excma. Sra. <\/span><\/span><span class=\"s10\"><span class=\"bumpedFont15\">C<\/span><\/span><span class=\"s10\"><span class=\"bumpedFont15\">onsuelo <\/span><\/span><span class=\"s10\"><span class=\"bumpedFont15\">O<\/span><\/span><span class=\"s10\"><span class=\"bumpedFont15\">ndo <\/span><\/span><span class=\"s10\"><span class=\"bumpedFont15\">Efua, mientras<\/span><\/span><span class=\"s10\"><span class=\"bumpedFont15\"> que <\/span><\/span><span class=\"s10\"><span class=\"bumpedFont15\">el Excmo. Sr. <\/span><\/span><span class=\"s10\"><span class=\"bumpedFont15\">P<\/span><\/span><span class=\"s10\"><span class=\"bumpedFont15\">aulino <\/span><\/span><span class=\"s10\"><span class=\"bumpedFont15\">Bololo<\/span><\/span> <span class=\"s10\"><span class=\"bumpedFont15\">Ekobo<\/span><\/span><span class=\"s10\"><span class=\"bumpedFont15\">, y <\/span><\/span><span class=\"s10\"><span class=\"bumpedFont15\">el Excmo. Sr. <\/span><\/span><span class=\"s10\"><span class=\"bumpedFont15\">T<\/span><\/span><span class=\"s10\"><span class=\"bumpedFont15\">omas <\/span><\/span><span class=\"s10\"><span class=\"bumpedFont15\">N<\/span><\/span><span class=\"s10\"><span class=\"bumpedFont15\">ve <\/span><\/span><span class=\"s10\"><span class=\"bumpedFont15\">N<\/span><\/span><span class=\"s10\"><span class=\"bumpedFont15\">ve <\/span><\/span><span class=\"s10\"><span class=\"bumpedFont15\">N<\/span><\/span><span class=\"s10\"><span class=\"bumpedFont15\">chama, lo han <\/span><\/span><span class=\"s10\"><span class=\"bumpedFont15\">hecho<\/span><\/span><span class=\"s10\"><span class=\"bumpedFont15\"> como <\/span><\/span><span class=\"s10\"><span class=\"bumpedFont15\">C<\/span><\/span><span class=\"s10\"><span class=\"bumpedFont15\">onsejeros.<\/span><\/span><\/p>\n<p class=\"s11\"><span class=\"s10\"><span class=\"bumpedFont15\">Y los <\/span><\/span><span class=\"s10\"><span class=\"bumpedFont15\">Iltmos<\/span><\/span><span class=\"s10\"><span class=\"bumpedFont15\">. Directores Generales<\/span><\/span><span class=\"s10\"><span class=\"bumpedFont15\">, <\/span><\/span><span class=\"s10\"><span class=\"bumpedFont15\">el Sr. <\/span><\/span><span class=\"s10\"><span class=\"bumpedFont15\">Pascual Afugu Esono<\/span><\/span><span class=\"s10\"><span class=\"bumpedFont15\"> como<\/span><\/span><span class=\"s10\"><span class=\"bumpedFont15\"> Director <\/span><\/span><span class=\"s10\"><span class=\"bumpedFont15\">General de Monitoreo y Evaluaci\u00f3n de las Coyunturas Macroecon\u00f3micas y <\/span><\/span><span class=\"s10\"><span class=\"bumpedFont15\">la Iltma. Sra <\/span><\/span><span class=\"s10\"><span class=\"bumpedFont15\">Rosalinda <\/span><\/span><span class=\"s10\"><span class=\"bumpedFont15\">Mbila<\/span><\/span><span class=\"s10\"><span class=\"bumpedFont15\">, <\/span><\/span><span class=\"s10\"><span class=\"bumpedFont15\">como <\/span><\/span><span class=\"s10\"><span class=\"bumpedFont15\">Directora General de Seguimiento de Pol\u00edticas<\/span><\/span><span class=\"s10\"><span class=\"bumpedFont15\">Laborales<\/span><\/span><span class=\"s10\"><span class=\"bumpedFont15\">.<\/span><\/span><\/p>\n<p class=\"s11\"><span class=\"s10\"><span class=\"bumpedFont15\">Este encuentro ha comenzado con las palabras de felicitaci\u00f3n del Presidente a los nuevos integrantes, por sus responsabilidades y de manera especial, a los dos Vicepresidentes, <\/span><\/span><span class=\"s10\"><span class=\"bumpedFont15\">a <\/span><\/span><span class=\"s10\"><span class=\"bumpedFont15\">la primera, <\/span><\/span><span class=\"s10\"><span class=\"bumpedFont15\">la <\/span><\/span><span class=\"s10\"><span class=\"bumpedFont15\">Excma. Sra. Mar\u00eda del Mar Bonkanka Tabares y al segundo, <\/span><\/span><span class=\"s10\"><span class=\"bumpedFont15\">el <\/span><\/span><span class=\"s10\"><span class=\"bumpedFont15\">Excmo.Sr. Leoncio Amada Nze, por ser merecedores de esta promoci\u00f3n, \u00a0puntualizando que ha sido una buena elecci\u00f3n del Jefe de Estado.<\/span><\/span><\/p>\n<p class=\"s11\"><span class=\"s10\"><span class=\"bumpedFont15\">Los Excmos. Vicepresidentes <\/span><\/span><span class=\"s10\"><span class=\"bumpedFont15\">han coincidido en agradecer primero a Dios y al <\/span><\/span><span class=\"s10\"><span class=\"bumpedFont15\">S.E. el <\/span><\/span><span class=\"s10\"><span class=\"bumpedFont15\">Jefe<\/span><\/span><span class=\"s10\"><span class=\"bumpedFont15\"> de Estado por la confianza depositada en sus personas. Pidiendo en este sentido la colaboraci\u00f3n de todos sus <\/span><\/span><span class=\"s10\"><span class=\"bumpedFont15\">compa\u00f1eros,<\/span><\/span><span class=\"s10\"><span class=\"bumpedFont15\"> as\u00ed como los nuevos miembros y directores<\/span><\/span><span class=\"s10\"><span class=\"bumpedFont15\"> generales <\/span><\/span><span class=\"s10\"><span class=\"bumpedFont15\">para el buen funcionamiento de la instituci\u00f3<\/span><\/span><span class=\"s10\"><span class=\"bumpedFont15\">n.<\/span><\/span><\/p>\n<p class=\"s11\"><span class=\"s10\"><span class=\"bumpedFont15\">Cabe destacar<\/span><\/span><span class=\"s10\"><span class=\"bumpedFont15\"> que,<\/span><\/span><span class=\"s10\"><span class=\"bumpedFont15\"> c<\/span><\/span><span class=\"s10\"><span class=\"bumpedFont15\">on estos nuevos nombramientos, el CNDES, reafirma su compromiso de impulsar el desarrollo econ\u00f3mico y social de Guinea Ecuatorial, consolidando su papel como \u00f3rgano estrat\u00e9gico en la planificaci\u00f3n y seguimiento de pol\u00edticas publicas orientadas al bienestar de la naci\u00f3n.<\/span><\/span><\/p>\n<p class=\"s11\"><span class=\"s10\"><span class=\"bumpedFont15\">Este encuentro ha finalizado con las <\/span><\/span><span class=\"s10\"><span class=\"bumpedFont15\">palabras de orientaci\u00f3n del <\/span><\/span><span class=\"s10\"><span class=\"bumpedFont15\">Excmo. Sr. <\/span><\/span><span class=\"s10\"><span class=\"bumpedFont15\">Presidente<\/span><\/span> <span class=\"s10\"><span class=\"bumpedFont15\">del CNDES Don Marcelino <\/span><\/span><span class=\"s10\"><span class=\"bumpedFont15\">Owono Edu <\/span><\/span><span class=\"s10\"><span class=\"bumpedFont15\">a los<\/span><\/span><span class=\"s10\"><span class=\"bumpedFont15\"> nuevos nombrados<\/span><\/span><span class=\"s10\"><span class=\"bumpedFont15\">.<\/span><\/span><\/p>\n","protected":false},"excerpt":{"rendered":"<p>El 19 de septiembre el Jefe de Estado y de Gobierno S.E. Obiang Nguema Mbasogo, ha decretado nuevos nombramientos en el Consejo Nacional para el DesarrolloEcon\u00f3mico y Social, para llevar la gesti\u00f3n administrativa en esta alta instituci\u00f3n del estado. Este acto de presentaci\u00f3n y concertaci\u00f3n de los nuevos nombrados ha sido presidido por el PresidenteLeer m\u00e1s &#8230;<\/p>\n","protected":false},"author":1,"featured_media":12040,"comment_status":"closed","ping_status":"closed","sticky":false,"template":"","format":"standard","meta":{"footnotes":""},"categories":[86,83],"tags":[],"class_list":["post-12036","post","type-post","status-publish","format-standard","has-post-thumbnail","hentry","category-goverment","category-city-news"],"_links":{"self":[{"href":"https:\/\/cndesge.org\/index.php?rest_route=\/wp\/v2\/posts\/12036","targetHints":{"allow":["GET"]}}],"collection":[{"href":"https:\/\/cndesge.org\/index.php?rest_route=\/wp\/v2\/posts"}],"about":[{"href":"https:\/\/cndesge.org\/index.php?rest_route=\/wp\/v2\/types\/post"}],"author":[{"embeddable":true,"href":"https:\/\/cndesge.org\/index.php?rest_route=\/wp\/v2\/users\/1"}],"replies":[{"embeddable":true,"href":"https:\/\/cndesge.org\/index.php?rest_route=%2Fwp%2Fv2%2Fcomments&post=12036"}],"version-history":[{"count":6,"href":"https:\/\/cndesge.org\/index.php?rest_route=\/wp\/v2\/posts\/12036\/revisions"}],"predecessor-version":[{"id":12043,"href":"https:\/\/cndesge.org\/index.php?rest_route=\/wp\/v2\/posts\/12036\/revisions\/12043"}],"wp:featuredmedia":[{"embeddable":true,"href":"https:\/\/cndesge.org\/index.php?rest_route=\/wp\/v2\/media\/12040"}],"wp:attachment":[{"href":"https:\/\/cndesge.org\/index.php?rest_route=%2Fwp%2Fv2%2Fmedia&parent=12036"}],"wp:term":[{"taxonomy":"category","embeddable":true,"href":"https:\/\/cndesge.org\/index.php?rest_route=%2Fwp%2Fv2%2Fcategories&post=12036"},{"taxonomy":"post_tag","embeddable":true,"href":"https:\/\/cndesge.org\/index.php?rest_route=%2Fwp%2Fv2%2Ftags&post=12036"}],"curies":[{"name":"wp","href":"https:\/\/api.w.org\/{rel}","templated":true}]}}