{"id":11684,"date":"2025-08-12T15:44:20","date_gmt":"2025-08-12T15:44:20","guid":{"rendered":"https:\/\/cndesge.org\/?p=11684"},"modified":"2025-08-12T16:25:08","modified_gmt":"2025-08-12T16:25:08","slug":"palabras-de-bienvenida-del-presidente-del-consejo-nacional-para-el-desarrollo-economico-y-social-en-la-apertura-de-las-jornadas-permanentes-de-reflexion-sobre-la-diversificacion-economica-e-inclusion","status":"publish","type":"post","link":"https:\/\/cndesge.org\/?p=11684","title":{"rendered":"Palabras de bienvenida del Presidente del Consejo Nacional para el Desarrollo Econ\u00f3mico y Social, en la apertura de las Jornadas Permanentes de Reflexi\u00f3n sobre la Diversificaci\u00f3n Econ\u00f3mica e Inclusi\u00f3n Social."},"content":{"rendered":"\t\t<div data-elementor-type=\"wp-post\" data-elementor-id=\"11684\" class=\"elementor elementor-11684\">\n\t\t\t\t<div class=\"elementor-element elementor-element-0e77dd5 e-flex e-con-boxed e-con e-parent\" data-id=\"0e77dd5\" data-element_type=\"container\" data-e-type=\"container\">\n\t\t\t\t\t<div class=\"e-con-inner\">\n\t\t\t\t<div class=\"elementor-element elementor-element-d196737 elementor-widget elementor-widget-spacer\" data-id=\"d196737\" data-element_type=\"widget\" data-e-type=\"widget\" data-widget_type=\"spacer.default\">\n\t\t\t\t<div class=\"elementor-widget-container\">\n\t\t\t\t\t\t\t<div class=\"elementor-spacer\">\n\t\t\t<div class=\"elementor-spacer-inner\"><\/div>\n\t\t<\/div>\n\t\t\t\t\t\t<\/div>\n\t\t\t\t<\/div>\n\t\t\t\t\t<\/div>\n\t\t\t\t<\/div>\n\t\t<div class=\"elementor-element elementor-element-498c7f2 e-flex e-con-boxed e-con e-parent\" data-id=\"498c7f2\" data-element_type=\"container\" data-e-type=\"container\">\n\t\t\t\t\t<div class=\"e-con-inner\">\n\t\t\t\t<div class=\"elementor-element elementor-element-5f6eebe elementor-widget elementor-widget-heading\" data-id=\"5f6eebe\" data-element_type=\"widget\" data-e-type=\"widget\" data-widget_type=\"heading.default\">\n\t\t\t\t<div class=\"elementor-widget-container\">\n\t\t\t\t\t<h3 class=\"elementor-heading-title elementor-size-default\">Palabras de bienvenida del Presidente del Consejo Nacional para el Desarrollo Econ\u00f3mico y Social, en la apertura de las Jornadas Permanentes de Reflexi\u00f3n sobre la Diversificaci\u00f3n Econ\u00f3mica e Inclusi\u00f3n Social <\/h3>\t\t\t\t<\/div>\n\t\t\t\t<\/div>\n\t\t\t\t<div class=\"elementor-element elementor-element-092114f elementor-widget elementor-widget-spacer\" data-id=\"092114f\" data-element_type=\"widget\" data-e-type=\"widget\" data-widget_type=\"spacer.default\">\n\t\t\t\t<div class=\"elementor-widget-container\">\n\t\t\t\t\t\t\t<div class=\"elementor-spacer\">\n\t\t\t<div class=\"elementor-spacer-inner\"><\/div>\n\t\t<\/div>\n\t\t\t\t\t\t<\/div>\n\t\t\t\t<\/div>\n\t\t\t\t\t<\/div>\n\t\t\t\t<\/div>\n\t\t<div class=\"elementor-element elementor-element-9f08566 e-flex e-con-boxed e-con e-parent\" data-id=\"9f08566\" data-element_type=\"container\" data-e-type=\"container\">\n\t\t\t\t\t<div class=\"e-con-inner\">\n\t\t\t\t<div class=\"elementor-element elementor-element-ada6cfd elementor-widget elementor-widget-text-editor\" data-id=\"ada6cfd\" data-element_type=\"widget\" data-e-type=\"widget\" data-widget_type=\"text-editor.default\">\n\t\t\t\t<div class=\"elementor-widget-container\">\n\t\t\t\t\t\t\t\t\t<ul><li><strong>Excmos. Sres. Presidentes de los \u00d3rganos Constitucionales del Estado.<\/strong><\/li><li><strong>Excmo.\u00a0\u00a0\u00a0 Sr.\u00a0\u00a0 Primer\u00a0\u00a0\u00a0 Ministro\u00a0\u00a0\u00a0 del\u00a0\u00a0\u00a0 Gobierno\u00a0\u00a0\u00a0 Encargado\u00a0\u00a0\u00a0 de\u00a0\u00a0\u00a0 la Coordinaci\u00f3n Administrativa.<\/strong><\/li><li><strong>Excmos. Sres. Miembros del Consejo Nacional para el Desarrollo Econ\u00f3mico y Social.<\/strong><\/li><li><strong>Excmos. Sres. Miembros del Gobierno.<\/strong><\/li><li><strong>Excmos. Sres. Consejeros Presidenciales.<\/strong><\/li><li><strong>Excmos. Sres. Jefes de Misiones Diplom\u00e1ticas y de OrganismosInternacionales acreditados en Guinea Ecuatorial.<\/strong><\/li><li><strong>Excmos. Sres. Miembros de Consejos Econ\u00f3micos y Sociales de pa\u00edses amigos.<\/strong><\/li><li><strong>Iltmos. Sres.<\/strong><\/li><li><strong>Sres. Representantes del sector privado nacional. Invitados todos, Sras. y Sres.<\/strong><\/li><\/ul><p>Es para m\u00ed un honor y un profundo privilegio darles la m\u00e1s cordial bienvenida a estas Jornadas Permanentes de Reflexi\u00f3n sobre la Diversificaci\u00f3n Econ\u00f3mica e Inclusi\u00f3n Social, dedicadas en esta primera edici\u00f3n al sector agropecuario.<\/p><p>Nos reunimos hoy en un momento decisivo para el futuro de Guinea Ecuatorial. La Agenda 2035 nos marca una hoja de ruta ambiciosa y realista: construir una econom\u00eda diversificada, inclusiva y resiliente, capaz de ofrecer prosperidad y bienestar a todos nuestros ciudadanos. Y sabemos que para lograrlo debemos mirar con decisi\u00f3n\u00a0hacia nuestros recursos, nuestras capacidades y nuestras oportunidades.<\/p><p>En esta edici\u00f3n, el sector agropecuario, el cual comprende la agricultura, laganader\u00eda, la pesca, la acuicultura y el sector forestal, constituye uno de los pilares estrat\u00e9gicos de esta transformaci\u00f3n. No solo porque tiene un potencial enorme para generar empleo y riqueza, especialmente en las zonas rurales, sinoporque es clave para garantizar la seguridad alimentaria, promover la cohesi\u00f3n social y preservar nuestro medio ambiente.<\/p><p>En este marco, destaca la implementaci\u00f3n de proyectos como la producci\u00f3nintegral de arroz, ma\u00edz, soja o sand\u00eda de alto rendimiento en la Granja Piloto Agr\u00edcola de Dumasi &#8211; Niefang o la variedad de productos producidos en la Hacienda Marcos Obiang Nguema Nsue de Riaba, as\u00ed como el proyecto de laempresa Omega de construcci\u00f3n de un parque industrial en el marco de unaasociaci\u00f3n p\u00fablico-privada, iniciativas todas alineadas con la ambici\u00f3n de diversificaci\u00f3n econ\u00f3mica prevista en nuestra agenda de desarrollo econ\u00f3mico y social.<\/p><p>Es mi deseo subrayar que el Consejo Nacional para el Desarrollo Econ\u00f3mico ySocial, con este ciclo de reflexiones que da inicio, busca dar respuesta a las grandes preocupaciones que forman parte de la\u00a0agenda pol\u00edtica y econ\u00f3mica de S.E el Presidente de la Rep\u00fablica: reducir los niveles de pobreza, fomentar el empleo juvenil y garantizar la seguridad alimentaria de nuestra naci\u00f3n. Estos son objetivos que nos comprometen a todosy que requieren un esfuerzo coordinado entre las instituciones, el sector privadoy la sociedad en su conjunto.<\/p><p>Durante estos d\u00edas de trabajo, con la participaci\u00f3n de representantes del Gobierno, el sector privado, la sociedad civil, el mundo acad\u00e9mico, y aliados internacionales, debatiremos sobre los retos y oportunidades del sector. Nos centraremos en propuestas concretas para impulsar la producci\u00f3n, mejorar la comercializaci\u00f3n, facilitar la financiaci\u00f3n, promover la innovaci\u00f3n, afianzar lainclusi\u00f3n y asegurar la sostenibilidad de nuestras actividades agropecuarias.<\/p><p>Este encuentro no es solo un foro de an\u00e1lisis; es una plataforma de di\u00e1logo para construir consensos, forjar alianzas y dar forma a pol\u00edticas p\u00fablicas efectivas que impulsen nuestro desarrollo. El objetivo es, por tanto, salir de aqu\u00ed con una visi\u00f3n compartida y con pasos claros para transformar el sector agropecuario enun motor de diversificaci\u00f3n econ\u00f3mica e inclusi\u00f3n social.<\/p><p>Agradezco sinceramente a todos los participantes por su presencia y\u00a0compromiso\u00a0 y\u00a0 de\u00a0 manera\u00a0 especial\u00a0 a\u00a0 nuestros\u00a0 hermanos\u00a0representantes de los Consejos Econ\u00f3micos y Sociales de pa\u00edses amigos como Gab\u00f3n, Costa de Marfil, Camer\u00fan y Marruecos, por acompa\u00f1arnos y en breve compartir sus experiencias.<\/p><p style=\"font-weight: 400;\">Conf\u00edo plenamente en que, con el aporte de cada uno de ustedes, lograremos que estas jornadas marquen un antes y un despu\u00e9s en la estrategia de desarrollo de nuestro pa\u00eds, Guinea Ecuatorial.<\/p><p style=\"font-weight: 400;\">Con la convicci\u00f3n de que juntos, mirando al futuro, podemos traducir lo debatido en pol\u00edticas concretas, transformadoras e inclusivas, les doy la bienvenida a lasprimeras Jornadas Permanentes de Reflexi\u00f3n sobre la Diversificaci\u00f3n Econ\u00f3mica e Inclusi\u00f3n Social, en esta ocasi\u00f3n, edici\u00f3n Sector Agropecuario.<\/p><p style=\"font-weight: 400;\"><strong>\u00a1Muchas gracias!<\/strong><\/p>\t\t\t\t\t\t\t\t<\/div>\n\t\t\t\t<\/div>\n\t\t\t\t\t<\/div>\n\t\t\t\t<\/div>\n\t\t<div class=\"elementor-element elementor-element-fbd80fc e-flex e-con-boxed e-con e-parent\" data-id=\"fbd80fc\" data-element_type=\"container\" data-e-type=\"container\">\n\t\t\t\t\t<div class=\"e-con-inner\">\n\t\t<div class=\"elementor-element elementor-element-1172ca6 e-con-full e-flex e-con e-child\" data-id=\"1172ca6\" data-element_type=\"container\" data-e-type=\"container\">\n\t\t\t\t<div class=\"elementor-element elementor-element-5a8e3bd elementor-widget elementor-widget-image\" data-id=\"5a8e3bd\" data-element_type=\"widget\" data-e-type=\"widget\" data-widget_type=\"image.default\">\n\t\t\t\t<div class=\"elementor-widget-container\">\n\t\t\t\t\t\t\t\t\t\t\t\t\t\t\t<img fetchpriority=\"high\" decoding=\"async\" width=\"525\" height=\"350\" src=\"https:\/\/cndesge.org\/wp-content\/uploads\/2025\/08\/52a72074-cd9a-4a7c-9901-b6c780ef8947-1024x683.jpg\" class=\"attachment-large size-large wp-image-11652\" alt=\"\" srcset=\"https:\/\/cndesge.org\/wp-content\/uploads\/2025\/08\/52a72074-cd9a-4a7c-9901-b6c780ef8947-1024x683.jpg 1024w, https:\/\/cndesge.org\/wp-content\/uploads\/2025\/08\/52a72074-cd9a-4a7c-9901-b6c780ef8947-300x200.jpg 300w, https:\/\/cndesge.org\/wp-content\/uploads\/2025\/08\/52a72074-cd9a-4a7c-9901-b6c780ef8947-768x512.jpg 768w, https:\/\/cndesge.org\/wp-content\/uploads\/2025\/08\/52a72074-cd9a-4a7c-9901-b6c780ef8947-390x260.jpg 390w, https:\/\/cndesge.org\/wp-content\/uploads\/2025\/08\/52a72074-cd9a-4a7c-9901-b6c780ef8947-600x400.jpg 600w, https:\/\/cndesge.org\/wp-content\/uploads\/2025\/08\/52a72074-cd9a-4a7c-9901-b6c780ef8947.jpg 1080w\" sizes=\"(max-width: 525px) 100vw, 525px\" \/>\t\t\t\t\t\t\t\t\t\t\t\t\t\t\t<\/div>\n\t\t\t\t<\/div>\n\t\t\t\t<\/div>\n\t\t<div class=\"elementor-element elementor-element-0ead617 e-con-full e-flex e-con e-child\" data-id=\"0ead617\" data-element_type=\"container\" data-e-type=\"container\">\n\t\t\t\t<div class=\"elementor-element elementor-element-e9fdcec elementor-widget elementor-widget-image\" data-id=\"e9fdcec\" data-element_type=\"widget\" data-e-type=\"widget\" data-widget_type=\"image.default\">\n\t\t\t\t<div class=\"elementor-widget-container\">\n\t\t\t\t\t\t\t\t\t\t\t\t\t\t\t<img decoding=\"async\" width=\"525\" height=\"350\" src=\"https:\/\/cndesge.org\/wp-content\/uploads\/2025\/08\/754fb877-a474-46ec-841c-ecc7a0e27b2a-1024x683.jpg\" class=\"attachment-large size-large wp-image-11653\" alt=\"\" srcset=\"https:\/\/cndesge.org\/wp-content\/uploads\/2025\/08\/754fb877-a474-46ec-841c-ecc7a0e27b2a-1024x683.jpg 1024w, https:\/\/cndesge.org\/wp-content\/uploads\/2025\/08\/754fb877-a474-46ec-841c-ecc7a0e27b2a-300x200.jpg 300w, https:\/\/cndesge.org\/wp-content\/uploads\/2025\/08\/754fb877-a474-46ec-841c-ecc7a0e27b2a-768x512.jpg 768w, https:\/\/cndesge.org\/wp-content\/uploads\/2025\/08\/754fb877-a474-46ec-841c-ecc7a0e27b2a-390x260.jpg 390w, https:\/\/cndesge.org\/wp-content\/uploads\/2025\/08\/754fb877-a474-46ec-841c-ecc7a0e27b2a-600x400.jpg 600w, https:\/\/cndesge.org\/wp-content\/uploads\/2025\/08\/754fb877-a474-46ec-841c-ecc7a0e27b2a.jpg 1080w\" sizes=\"(max-width: 525px) 100vw, 525px\" \/>\t\t\t\t\t\t\t\t\t\t\t\t\t\t\t<\/div>\n\t\t\t\t<\/div>\n\t\t\t\t<\/div>\n\t\t\t\t\t<\/div>\n\t\t\t\t<\/div>\n\t\t\t\t<\/div>\n\t\t","protected":false},"excerpt":{"rendered":"<p>Palabras de bienvenida del Presidente del Consejo Nacional para el Desarrollo Econ\u00f3mico y Social, en la apertura de las Jornadas Permanentes de Reflexi\u00f3n sobre la Diversificaci\u00f3n Econ\u00f3mica e Inclusi\u00f3n Social Excmos. Sres. Presidentes de los \u00d3rganos Constitucionales del Estado. Excmo.\u00a0\u00a0\u00a0 Sr.\u00a0\u00a0 Primer\u00a0\u00a0\u00a0 Ministro\u00a0\u00a0\u00a0 del\u00a0\u00a0\u00a0 Gobierno\u00a0\u00a0\u00a0 Encargado\u00a0\u00a0\u00a0 de\u00a0\u00a0\u00a0 la Coordinaci\u00f3n Administrativa. Excmos. Sres. Miembros del ConsejoLeer m\u00e1s &#8230;<\/p>\n","protected":false},"author":1,"featured_media":11652,"comment_status":"closed","ping_status":"closed","sticky":false,"template":"","format":"standard","meta":{"footnotes":""},"categories":[1,88,83],"tags":[],"class_list":["post-11684","post","type-post","status-publish","format-standard","has-post-thumbnail","hentry","category-blog","category-hotels","category-city-news"],"_links":{"self":[{"href":"https:\/\/cndesge.org\/index.php?rest_route=\/wp\/v2\/posts\/11684","targetHints":{"allow":["GET"]}}],"collection":[{"href":"https:\/\/cndesge.org\/index.php?rest_route=\/wp\/v2\/posts"}],"about":[{"href":"https:\/\/cndesge.org\/index.php?rest_route=\/wp\/v2\/types\/post"}],"author":[{"embeddable":true,"href":"https:\/\/cndesge.org\/index.php?rest_route=\/wp\/v2\/users\/1"}],"replies":[{"embeddable":true,"href":"https:\/\/cndesge.org\/index.php?rest_route=%2Fwp%2Fv2%2Fcomments&post=11684"}],"version-history":[{"count":10,"href":"https:\/\/cndesge.org\/index.php?rest_route=\/wp\/v2\/posts\/11684\/revisions"}],"predecessor-version":[{"id":11695,"href":"https:\/\/cndesge.org\/index.php?rest_route=\/wp\/v2\/posts\/11684\/revisions\/11695"}],"wp:featuredmedia":[{"embeddable":true,"href":"https:\/\/cndesge.org\/index.php?rest_route=\/wp\/v2\/media\/11652"}],"wp:attachment":[{"href":"https:\/\/cndesge.org\/index.php?rest_route=%2Fwp%2Fv2%2Fmedia&parent=11684"}],"wp:term":[{"taxonomy":"category","embeddable":true,"href":"https:\/\/cndesge.org\/index.php?rest_route=%2Fwp%2Fv2%2Fcategories&post=11684"},{"taxonomy":"post_tag","embeddable":true,"href":"https:\/\/cndesge.org\/index.php?rest_route=%2Fwp%2Fv2%2Ftags&post=11684"}],"curies":[{"name":"wp","href":"https:\/\/api.w.org\/{rel}","templated":true}]}}