{"id":11488,"date":"2025-07-31T19:07:04","date_gmt":"2025-07-31T19:07:04","guid":{"rendered":"https:\/\/cndesge.org\/?p=11488"},"modified":"2025-07-31T19:14:25","modified_gmt":"2025-07-31T19:14:25","slug":"la-delegacion-de-guinea-ecuatorial-encabezada-por-el-presidente-del-consejo-nacional-para-el-desarrollo-economico-y-social-excmo-sr-marcelino-owono-edu-fue-recibida-en-audiencia-por-el-excmo-sr","status":"publish","type":"post","link":"https:\/\/cndesge.org\/?p=11488","title":{"rendered":"La Delegaci\u00f3n de Guinea Ecuatorial, encabezada por el Presidente del Consejo Nacional para el Desarrollo Econ\u00f3mico y Social, Excmo. Sr. Marcelino Owono Edu, fue recibida en audiencia por el Excmo. Sr. Bob Rae, Presidente del Consejo Econ\u00f3mico y Social de las Naciones Unidas (ECOSOC)."},"content":{"rendered":"\t\t<div data-elementor-type=\"wp-post\" data-elementor-id=\"11488\" class=\"elementor elementor-11488\">\n\t\t\t\t<div class=\"elementor-element elementor-element-adfc018 e-flex e-con-boxed e-con e-parent\" data-id=\"adfc018\" data-element_type=\"container\" data-e-type=\"container\">\n\t\t\t\t\t<div class=\"e-con-inner\">\n\t\t\t\t<div class=\"elementor-element elementor-element-38c10d2 elementor-widget elementor-widget-text-editor\" data-id=\"38c10d2\" data-element_type=\"widget\" data-e-type=\"widget\" data-widget_type=\"text-editor.default\">\n\t\t\t\t<div class=\"elementor-widget-container\">\n\t\t\t\t\t\t\t\t\t<p>La Delegaci\u00f3n de Guinea Ecuatorial, encabezada por el Presidente del Consejo Nacional para el Desarrollo Econ\u00f3mico y Social, Excmo. Sr. Marcelino Owono Edu, fue recibida en audiencia por el Excmo. Sr. Bob Rae, Presidente del Consejo Econ\u00f3mico y Social de las Naciones Unidas (ECOSOC).<\/p><p>En el marco de la misi\u00f3n institucional de fortalecimiento de v\u00ednculos multilaterales, se mantuvo una reuni\u00f3n bilateral en la sede de la ONU en Nueva York, con el objetivo de abordar temas estrat\u00e9gicos relacionados con el proceso de integraci\u00f3n del Consejo ecuatoguineano al sistema ECOSOC, as\u00ed como las oportunidades de asistencia y cooperaci\u00f3n t\u00e9cnica con el \u00f3rgano principal de la ONU encargado de coordinar la labor econ\u00f3mica, social y medioambiental as\u00ed como con otros organismos especializados asociados al mismo.<\/p><p>Owono Edu transmiti\u00f3 que la creaci\u00f3n del Consejo ecuatoguineano es fruto de la constante preocupaci\u00f3n de S.E Obiang Nguema Mbasogo, para dotar al pa\u00eds de s\u00f3lidas instituciones que garanticen una gesti\u00f3n transparente de la cosa p\u00fablica as\u00ed como reforzar los mecanismos de rendici\u00f3n de cuentas, resaltando a su vez que la capacidad de un pa\u00eds para avanzar en su desarrollo sostenible no depende \u00fanicamente de su demograf\u00eda sino de la integridad, eficiencia y capacidad de sus instituciones econ\u00f3micas y sociales.<\/p><p>En el mismo contexto expres\u00f3 el deseo del Consejo de establecer v\u00ednculos institucionales duraderos con ECOSOC y sus agencias asociadas, como UNDESA, UNCTAD, PNUD y la Comisi\u00f3n Econ\u00f3mica para \u00c1frica (UNECA), con el objetivo de adquirir asistencia t\u00e9cnica, acompa\u00f1amiento institucional y oportunidades de intercambio de buenas pr\u00e1cticas que fortalezcan el desarrollo econ\u00f3mico y social del pa\u00eds. Asimismo, reiter\u00f3 el inter\u00e9s del Consejo en participar en los programas y reuniones que ECOSOC organiza a lo largo del a\u00f1o.<\/p><p>Por su parte, el Presidente de ECOSOC acogi\u00f3 con entusiasmo la solicitud, comprometi\u00e9ndose a colaborar y brindar el apoyo necesario al reci\u00e9n creado \u00f3rgano y manifestando su disposici\u00f3n en explorar v\u00edas bilaterales que puedan complementar esta relaci\u00f3n institucional. Asimismo, anim\u00f3 a la delegaci\u00f3n a seguir en contacto con el Representante del Secretario General de las Naciones Unidas en Malabo, como punto clave para coordinar futuras colaboraciones.<\/p><p>Para esta audiencia, la delegaci\u00f3n oficial ecuatoguineana estuvo integrada la Excma Sra. D\u00f1a. Mar\u00eda del Mar Bonkanka Tabares, los Excmos. Sres. Don Augusto Nguema Mba Nchama, y Don Santiago Francisco Engonga, todos Miembros del Consejo Nacional para el Desarrollo Econ\u00f3mico y Social, as\u00ed como la Excma. Sra. Do\u00f1a Mar\u00eda Ebiaca Moete, Secretaria de Estado encargada de Planificaci\u00f3n en representaci\u00f3n del Ministerio de Hacienda, Planificaci\u00f3n y Desarrollo Econ\u00f3mico Tambi\u00e9n participaron el Excmo. Sr. Don Juan Mbomio Ndong Mangue, Consejero en la Misi\u00f3n Permanente de Guinea Ecuatorial ante la ONU.<\/p><p>Este encuentro marca un paso significativo en el camino hacia la proyecci\u00f3n internacional del Consejo Nacional para el Desarrollo Econ\u00f3mico y Social de Guinea Ecuatorial, reafirmando el compromiso con los principios de cooperaci\u00f3n multilateral y\u00a0<\/p>\t\t\t\t\t\t\t\t<\/div>\n\t\t\t\t<\/div>\n\t\t\t\t\t<\/div>\n\t\t\t\t<\/div>\n\t\t<div class=\"elementor-element elementor-element-77ed3b1 e-flex e-con-boxed e-con e-parent\" data-id=\"77ed3b1\" data-element_type=\"container\" data-e-type=\"container\">\n\t\t\t\t\t<div class=\"e-con-inner\">\n\t\t<div class=\"elementor-element elementor-element-f753122 e-con-full e-flex e-con e-child\" data-id=\"f753122\" data-element_type=\"container\" data-e-type=\"container\">\n\t\t\t\t<div class=\"elementor-element elementor-element-a309c4d elementor-widget elementor-widget-image\" data-id=\"a309c4d\" data-element_type=\"widget\" data-e-type=\"widget\" data-widget_type=\"image.default\">\n\t\t\t\t<div class=\"elementor-widget-container\">\n\t\t\t\t\t\t\t\t\t\t\t\t\t\t\t<img fetchpriority=\"high\" decoding=\"async\" width=\"525\" height=\"439\" src=\"https:\/\/cndesge.org\/wp-content\/uploads\/2025\/07\/IMG_5173.jpeg\" class=\"attachment-large size-large wp-image-11489\" alt=\"\" srcset=\"https:\/\/cndesge.org\/wp-content\/uploads\/2025\/07\/IMG_5173.jpeg 864w, https:\/\/cndesge.org\/wp-content\/uploads\/2025\/07\/IMG_5173-300x251.jpeg 300w, https:\/\/cndesge.org\/wp-content\/uploads\/2025\/07\/IMG_5173-768x642.jpeg 768w, https:\/\/cndesge.org\/wp-content\/uploads\/2025\/07\/IMG_5173-600x501.jpeg 600w\" sizes=\"(max-width: 525px) 100vw, 525px\" \/>\t\t\t\t\t\t\t\t\t\t\t\t\t\t\t<\/div>\n\t\t\t\t<\/div>\n\t\t\t\t<\/div>\n\t\t<div class=\"elementor-element elementor-element-ba88c98 e-con-full e-flex e-con e-child\" data-id=\"ba88c98\" data-element_type=\"container\" data-e-type=\"container\">\n\t\t\t\t<div class=\"elementor-element elementor-element-515d811 elementor-widget elementor-widget-image\" data-id=\"515d811\" data-element_type=\"widget\" data-e-type=\"widget\" data-widget_type=\"image.default\">\n\t\t\t\t<div class=\"elementor-widget-container\">\n\t\t\t\t\t\t\t\t\t\t\t\t\t\t\t<img decoding=\"async\" width=\"525\" height=\"394\" src=\"https:\/\/cndesge.org\/wp-content\/uploads\/2025\/07\/55a13c42-1160-428c-84a4-53fe543f3128-1024x768.jpeg\" class=\"attachment-large size-large wp-image-11498\" alt=\"\" srcset=\"https:\/\/cndesge.org\/wp-content\/uploads\/2025\/07\/55a13c42-1160-428c-84a4-53fe543f3128-1024x768.jpeg 1024w, https:\/\/cndesge.org\/wp-content\/uploads\/2025\/07\/55a13c42-1160-428c-84a4-53fe543f3128-300x225.jpeg 300w, https:\/\/cndesge.org\/wp-content\/uploads\/2025\/07\/55a13c42-1160-428c-84a4-53fe543f3128-768x576.jpeg 768w, https:\/\/cndesge.org\/wp-content\/uploads\/2025\/07\/55a13c42-1160-428c-84a4-53fe543f3128-640x480.jpeg 640w, https:\/\/cndesge.org\/wp-content\/uploads\/2025\/07\/55a13c42-1160-428c-84a4-53fe543f3128-600x450.jpeg 600w, https:\/\/cndesge.org\/wp-content\/uploads\/2025\/07\/55a13c42-1160-428c-84a4-53fe543f3128.jpeg 1080w\" sizes=\"(max-width: 525px) 100vw, 525px\" \/>\t\t\t\t\t\t\t\t\t\t\t\t\t\t\t<\/div>\n\t\t\t\t<\/div>\n\t\t\t\t<\/div>\n\t\t\t\t\t<\/div>\n\t\t\t\t<\/div>\n\t\t\t\t<\/div>\n\t\t","protected":false},"excerpt":{"rendered":"<p>La Delegaci\u00f3n de Guinea Ecuatorial, encabezada por el Presidente del Consejo Nacional para el Desarrollo Econ\u00f3mico y Social, Excmo. Sr. Marcelino Owono Edu, fue recibida en audiencia por el Excmo. Sr. Bob Rae, Presidente del Consejo Econ\u00f3mico y Social de las Naciones Unidas (ECOSOC). En el marco de la misi\u00f3n institucional de fortalecimiento de v\u00ednculosLeer m\u00e1s &#8230;<\/p>\n","protected":false},"author":1,"featured_media":11489,"comment_status":"closed","ping_status":"closed","sticky":false,"template":"","format":"standard","meta":{"footnotes":""},"categories":[84,83],"tags":[],"class_list":["post-11488","post","type-post","status-publish","format-standard","has-post-thumbnail","hentry","category-traveling","category-city-news"],"_links":{"self":[{"href":"https:\/\/cndesge.org\/index.php?rest_route=\/wp\/v2\/posts\/11488","targetHints":{"allow":["GET"]}}],"collection":[{"href":"https:\/\/cndesge.org\/index.php?rest_route=\/wp\/v2\/posts"}],"about":[{"href":"https:\/\/cndesge.org\/index.php?rest_route=\/wp\/v2\/types\/post"}],"author":[{"embeddable":true,"href":"https:\/\/cndesge.org\/index.php?rest_route=\/wp\/v2\/users\/1"}],"replies":[{"embeddable":true,"href":"https:\/\/cndesge.org\/index.php?rest_route=%2Fwp%2Fv2%2Fcomments&post=11488"}],"version-history":[{"count":10,"href":"https:\/\/cndesge.org\/index.php?rest_route=\/wp\/v2\/posts\/11488\/revisions"}],"predecessor-version":[{"id":11501,"href":"https:\/\/cndesge.org\/index.php?rest_route=\/wp\/v2\/posts\/11488\/revisions\/11501"}],"wp:featuredmedia":[{"embeddable":true,"href":"https:\/\/cndesge.org\/index.php?rest_route=\/wp\/v2\/media\/11489"}],"wp:attachment":[{"href":"https:\/\/cndesge.org\/index.php?rest_route=%2Fwp%2Fv2%2Fmedia&parent=11488"}],"wp:term":[{"taxonomy":"category","embeddable":true,"href":"https:\/\/cndesge.org\/index.php?rest_route=%2Fwp%2Fv2%2Fcategories&post=11488"},{"taxonomy":"post_tag","embeddable":true,"href":"https:\/\/cndesge.org\/index.php?rest_route=%2Fwp%2Fv2%2Ftags&post=11488"}],"curies":[{"name":"wp","href":"https:\/\/api.w.org\/{rel}","templated":true}]}}