{"id":11069,"date":"2025-06-11T16:16:53","date_gmt":"2025-06-11T16:16:53","guid":{"rendered":"https:\/\/cndesge.org\/?p=11069"},"modified":"2025-06-12T18:06:29","modified_gmt":"2025-06-12T18:06:29","slug":"reunion-de-coordinacion-con-cicte-aauca-unge-consejo-de-la-republica-y-fcmno-sobre-las-jornadas-permanentes-de-reflexion-sobre-diversificacion-economica-e-inclusion-social-en-guinea-ecuatorial","status":"publish","type":"post","link":"https:\/\/cndesge.org\/?p=11069","title":{"rendered":"Reuni\u00f3n de coordinaci\u00f3n con CICTE, AAUCA, UNGE, Consejo de la Rep\u00fablica y FCMNO sobre las Jornadas Permanentes de reflexi\u00f3n sobre diversificaci\u00f3n econ\u00f3mica e inclusi\u00f3n social en Guinea Ecuatorial."},"content":{"rendered":"<p class=\"s6\"><span class=\"s5\"><span class=\"bumpedFont15\">Ante los desaf\u00edos que enfrenta la econom\u00eda nacional y con el objetivo de garantizar la ejecuci\u00f3n de la Agenda 2035, as\u00ed como analizar los problemas estructurales del desarrollo en Guinea Ecuatorial, el Consejo Nacional para el Desarrollo Econ\u00f3mico y Social organiza las Jornadas Permanentes de Reflexi\u00f3n sobre la Diversificaci\u00f3n Econ\u00f3mica e Inclusi\u00f3n Social. Un espacio de debate que reunir\u00e1 a representantes del Gobierno, del sector privado y de la sociedad civil para analizar la crisis econ\u00f3mica actual y proponer reformas clave para lograr una recuperaci\u00f3n y un crecimiento econ\u00f3mico sostenible e inclusivo.<\/span><\/span><\/p>\n<p class=\"s6\"><span class=\"s5\"><span class=\"bumpedFont15\">Para avanzar con estos trabajos, la unidad de coordinaci\u00f3n de las jornadas nacionales permanentes de reflexi\u00f3n sobre diversificaci\u00f3n econ\u00f3mica e inclusi\u00f3n social se ha reunido este mi\u00e9rcoles en la sede de la instituci\u00f3n para definir los aspectos a desarrollar durante el evento.<\/span><\/span><\/p>\n<p class=\"s6\"><span class=\"s5\"><span class=\"bumpedFont15\">Durante esta reuni\u00f3n, el Comit\u00e9 de organizaci\u00f3n adopt\u00f3 el formato general de las jornadas. Los miembros del equipo de coordinaci\u00f3n general del evento presentaron propuestas tem\u00e1ticas a ser analizadas durante las Jornadas centradas en el subsector agr\u00edcola que tendr\u00e1n lugar del 3 al 4 de julio de 2025, as\u00ed como el formato de paneles de discusi\u00f3n, mesas redondas, identificaci\u00f3n de posibles invitados institucionales, panelistas, sector privado, y mundo acad\u00e9mico.<\/span><\/span><\/p>\n<p class=\"s6\"><span class=\"s5\"><span class=\"bumpedFont15\">Estas jornadas de reflexi\u00f3n sobre diversificaci\u00f3n econ\u00f3mica e inclusi\u00f3n social comenzar\u00e1n el d\u00eda 3 de julio del presente a\u00f1o con el sector agr\u00edcola, y continuar\u00e1n en los meses siguientes con otros sectores. El objetivo es analizar los problemas de desarrollo de Guinea Ecuatorial y definir reformas clave para lograr una recuperaci\u00f3n y un crecimiento econ\u00f3mico sostenible e inclusivo.<\/span><\/span><\/p>\n<p class=\"s6\"><span class=\"s5\"><span class=\"bumpedFont15\">La diversificaci\u00f3n de la agricultura representa una estrategia importante para fortalecer la seguridad alimentaria, reducir la dependencia de los monocultivos y generar oportunidades de desarrollo sostenible e inclusivo. En el contexto de Guinea Ecuatorial, donde el potencial agroecol\u00f3gico est\u00e1 subutilizado, estas jornadas buscan crear un espacio de an\u00e1lisis, intercambio de experiencias y formulaci\u00f3n de propuestas que impulsen un modelo agrario diversificado, resiliente y justo.<\/span><\/span><\/p>\n<p class=\"s6\"><span class=\"s5\"><span class=\"bumpedFont15\">La visi\u00f3n del alto \u00f3rgano constitucional es llevar a cabo este evento mensualmente, involucrando a todos los actores econ\u00f3micos y sociales del pa\u00eds, para debatir y analizar la situaci\u00f3n de los diferentes sectores de la econom\u00eda nacional, con el fin de conformar un pliego de conclusiones y recomendaciones destinadas al Gobierno de la Naci\u00f3n para su implementaci\u00f3n.<\/span><\/span><\/p>\n<p class=\"s7\">\n","protected":false},"excerpt":{"rendered":"<p>Ante los desaf\u00edos que enfrenta la econom\u00eda nacional y con el objetivo de garantizar la ejecuci\u00f3n de la Agenda 2035, as\u00ed como analizar los problemas estructurales del desarrollo en Guinea Ecuatorial, el Consejo Nacional para el Desarrollo Econ\u00f3mico y Social organiza las Jornadas Permanentes de Reflexi\u00f3n sobre la Diversificaci\u00f3n Econ\u00f3mica e Inclusi\u00f3n Social. Un espacioLeer m\u00e1s &#8230;<\/p>\n","protected":false},"author":1,"featured_media":11071,"comment_status":"closed","ping_status":"closed","sticky":false,"template":"","format":"standard","meta":{"footnotes":""},"categories":[82,164,83],"tags":[],"class_list":["post-11069","post","type-post","status-publish","format-standard","has-post-thumbnail","hentry","category-bussiness","category-talleres","category-city-news"],"_links":{"self":[{"href":"https:\/\/cndesge.org\/index.php?rest_route=\/wp\/v2\/posts\/11069","targetHints":{"allow":["GET"]}}],"collection":[{"href":"https:\/\/cndesge.org\/index.php?rest_route=\/wp\/v2\/posts"}],"about":[{"href":"https:\/\/cndesge.org\/index.php?rest_route=\/wp\/v2\/types\/post"}],"author":[{"embeddable":true,"href":"https:\/\/cndesge.org\/index.php?rest_route=\/wp\/v2\/users\/1"}],"replies":[{"embeddable":true,"href":"https:\/\/cndesge.org\/index.php?rest_route=%2Fwp%2Fv2%2Fcomments&post=11069"}],"version-history":[{"count":2,"href":"https:\/\/cndesge.org\/index.php?rest_route=\/wp\/v2\/posts\/11069\/revisions"}],"predecessor-version":[{"id":11072,"href":"https:\/\/cndesge.org\/index.php?rest_route=\/wp\/v2\/posts\/11069\/revisions\/11072"}],"wp:featuredmedia":[{"embeddable":true,"href":"https:\/\/cndesge.org\/index.php?rest_route=\/wp\/v2\/media\/11071"}],"wp:attachment":[{"href":"https:\/\/cndesge.org\/index.php?rest_route=%2Fwp%2Fv2%2Fmedia&parent=11069"}],"wp:term":[{"taxonomy":"category","embeddable":true,"href":"https:\/\/cndesge.org\/index.php?rest_route=%2Fwp%2Fv2%2Fcategories&post=11069"},{"taxonomy":"post_tag","embeddable":true,"href":"https:\/\/cndesge.org\/index.php?rest_route=%2Fwp%2Fv2%2Ftags&post=11069"}],"curies":[{"name":"wp","href":"https:\/\/api.w.org\/{rel}","templated":true}]}}